{"id":28077,"date":"2018-06-04T10:28:41","date_gmt":"2018-06-04T13:28:41","guid":{"rendered":"https:\/\/www.actualidadadiario.com\/?p=28077"},"modified":"2018-11-06T19:44:39","modified_gmt":"2018-11-06T22:44:39","slug":"kim-jong-un-renueva-su-cupula-militar-a-dias-de-reunirse-con-donald-trump","status":"publish","type":"post","link":"https:\/\/www.actualidadadiario.com\/index.php\/2018\/06\/04\/kim-jong-un-renueva-su-cupula-militar-a-dias-de-reunirse-con-donald-trump\/","title":{"rendered":"Kim Jong-un renueva su c\u00fapula militar a d\u00edas de reunirse con Donald Trump"},"content":{"rendered":"<p><em><strong>La cuenta regresiva ya comenz\u00f3. El 12 de junio, el presidente de Estados Unidos, Donald Trump, y el l\u00edder de Corea del Norte, Kim Jong-un, se reunir\u00e1n en Singapur y las miradas del mundo entero estar\u00e1n puesta all\u00ed, en la cumbre hist\u00f3rica. Fueron muchas las cosas que pasaron antes, amenazas, insultos, incluso cancelaciones. Pero en los \u00faltimos d\u00edas la voluntad de ambos gobiernos parece indiscutida<\/strong><\/em><\/p>\n<p>&nbsp;<\/p>\n<p>&nbsp;<\/p>\n<p>&nbsp;<\/p>\n<p>&nbsp;<\/p>\n<p>Ante esta situaci\u00f3n, para llegar en buenos t\u00e9rminos, ambos l\u00edderes bajaron el tono confrontativo e incluso se mostraron conciliadores. Los gestos de Kim est\u00e1n sobre la mesa: d\u00edas atr\u00e1s desmantel\u00f3 el sitio desde el cual el r\u00e9gimen de Pyongyang llevaba a cabo las pruebas nucleares, ante la mirada de periodistas internacionales.<\/p>\n<p>&nbsp;<\/p>\n<p>Ahora, la agencia surcoreana Yonhap public\u00f3 que los tres principales funcionarios militares de Corea del Norte fueron removidos de sus cargos. Seg\u00fan un responsable estadounidense de alto rango, que habl\u00f3 bajo condici\u00f3n de anonimato, hubo cierta disensi\u00f3n en el Ej\u00e9rcito norcoreano sobre los acercamientos de Kim a Corea del Sur y Estados Unidos.<\/p>\n<p>&nbsp;<\/p>\n<p>Yonhap los identific\u00f3 como el jefe de Defensa Pak Yong-sik; el jefe del estado mayor del Ej\u00e9rcito del Pueblo de Corea (KPA, por su sigla en ingl\u00e9s) Ri Myong-su; y el director del Bur\u00f3 Pol\u00edtico General del KPA, Kim Jong-gak.<\/p>\n<p>&nbsp;<\/p>\n<p>El jefe del Estado mayor del Ej\u00e9rcito Popular norcoreano fue sustituido por su &#8220;n\u00famero dos&#8221;, Ri Yong-gil, mientras que el moderado No Kwang-chol fue designado nuevo ministro de Defensa. Asimismo, el general Kim Su-gil, considerado un hombre de confianza del l\u00edder supremo, fue promovido a director del Bur\u00f3 General Pol\u00edtico del Ej\u00e9rcito.<\/p>\n<p>&nbsp;<\/p>\n<p>El cambio puede entenderse como la voluntad del r\u00e9gimen de promover el acercamiento en las relaciones intercoreanas, facilitar el di\u00e1logo con Washington y tambi\u00e9n impulsar el proceso de apertura de su econom\u00eda comunista, que incluso podr\u00eda recibir a la famosa cadena estadounidense de hamburguesas McDonald&#8217;s.<\/p>\n<p>&nbsp;<\/p>\n<p>De hecho, las fuentes se\u00f1alaron que los militares sustituidos son conocidos por su l\u00ednea dura y beligerante con Estados Unidos y por ser los m\u00e1s reticentes a emprender el proceso de desnuclearizaci\u00f3n al que se comprometi\u00f3 Kim.<\/p>\n<p>&nbsp;<\/p>\n<p>Los cambios en la c\u00fapula militar de Pyongyang tuvieron lugar mientras Corea del Norte y Estados Unidos llevan a cabo hoy, por tercer d\u00eda consecutivo, los preparativos en la aldea de Panmunjom, en la frontera intercoreana, para la cumbre de la pr\u00f3xima semana.<\/p>\n<p>&nbsp;<\/p>\n<p>La reuni\u00f3n entre Trump y Kim, prevista para el 12 de junio en Singapur, ser\u00e1 la primera en la historia entre l\u00edderes de los dos pa\u00edses tras casi 70 a\u00f1os de confrontaci\u00f3n iniciados con la Guerra de Corea (1950-1953) y de 25 a\u00f1os de negociaciones fallidas y tensiones en relaci\u00f3n al programa at\u00f3mico norcoreano.<\/p>\n","protected":false},"excerpt":{"rendered":"<p>La cuenta regresiva ya comenz\u00f3. El 12 de junio, el presidente de Estados Unidos, Donald Trump, y el l\u00edder de Corea del Norte, Kim Jong-un, se reunir\u00e1n en Singapur y las miradas del mundo entero estar\u00e1n puesta all\u00ed, en la cumbre hist\u00f3rica. Fueron muchas las cosas que pasaron antes, amenazas, insultos, incluso cancelaciones. Pero en los \u00faltimos d\u00edas la voluntad de ambos gobiernos parece indiscutida &nbsp; &nbsp; &nbsp; &nbsp; Ante esta situaci\u00f3n, para llegar en buenos t\u00e9rminos, ambos l\u00edderes bajaron el tono confrontativo e incluso se mostraron conciliadores. Los gestos&#8230;<\/p>\n","protected":false},"author":3,"featured_media":28078,"comment_status":"closed","ping_status":"closed","sticky":false,"template":"","format":"standard","meta":[],"categories":[4],"tags":[],"_links":{"self":[{"href":"https:\/\/www.actualidadadiario.com\/index.php\/wp-json\/wp\/v2\/posts\/28077"}],"collection":[{"href":"https:\/\/www.actualidadadiario.com\/index.php\/wp-json\/wp\/v2\/posts"}],"about":[{"href":"https:\/\/www.actualidadadiario.com\/index.php\/wp-json\/wp\/v2\/types\/post"}],"author":[{"embeddable":true,"href":"https:\/\/www.actualidadadiario.com\/index.php\/wp-json\/wp\/v2\/users\/3"}],"replies":[{"embeddable":true,"href":"https:\/\/www.actualidadadiario.com\/index.php\/wp-json\/wp\/v2\/comments?post=28077"}],"version-history":[{"count":1,"href":"https:\/\/www.actualidadadiario.com\/index.php\/wp-json\/wp\/v2\/posts\/28077\/revisions"}],"predecessor-version":[{"id":28079,"href":"https:\/\/www.actualidadadiario.com\/index.php\/wp-json\/wp\/v2\/posts\/28077\/revisions\/28079"}],"wp:featuredmedia":[{"embeddable":true,"href":"https:\/\/www.actualidadadiario.com\/index.php\/wp-json\/wp\/v2\/media\/28078"}],"wp:attachment":[{"href":"https:\/\/www.actualidadadiario.com\/index.php\/wp-json\/wp\/v2\/media?parent=28077"}],"wp:term":[{"taxonomy":"category","embeddable":true,"href":"https:\/\/www.actualidadadiario.com\/index.php\/wp-json\/wp\/v2\/categories?post=28077"},{"taxonomy":"post_tag","embeddable":true,"href":"https:\/\/www.actualidadadiario.com\/index.php\/wp-json\/wp\/v2\/tags?post=28077"}],"curies":[{"name":"wp","href":"https:\/\/api.w.org\/{rel}","templated":true}]}}