{"id":28071,"date":"2018-06-04T10:27:19","date_gmt":"2018-06-04T13:27:19","guid":{"rendered":"https:\/\/www.actualidadadiario.com\/?p=28071"},"modified":"2018-11-06T19:44:39","modified_gmt":"2018-11-06T22:44:39","slug":"alemania-pidio-perdon-a-homosexuales-por-crimenes-del-nazismo-llegamos-tarde","status":"publish","type":"post","link":"https:\/\/www.actualidadadiario.com\/index.php\/2018\/06\/04\/alemania-pidio-perdon-a-homosexuales-por-crimenes-del-nazismo-llegamos-tarde\/","title":{"rendered":"Alemania pidi\u00f3 perd\u00f3n a homosexuales por cr\u00edmenes del nazismo: &#8220;Llegamos tarde&#8221;"},"content":{"rendered":"<p><em><strong>El presidente alem\u00e1n, Frank-Walter Steinmeier, pidi\u00f3 perd\u00f3n a los homosexuales por los cr\u00edmenes del nazismo, al lamentarse de que durante d\u00e9cadas se siguiera persiguiendo judicialmente a ese colectivo<\/strong><\/em><\/p>\n<p>&nbsp;<\/p>\n<p>&nbsp;<\/p>\n<p>&nbsp;<\/p>\n<p>&nbsp;<\/p>\n<p>&#8220;Llegamos tarde&#8221;, reconoci\u00f3 Steinmeier ante el monumento a las v\u00edctimas homosexuales del Tercer Reich, y record\u00f3 que reci\u00e9n el a\u00f1o pasado el Gobierno de Angela Merkel aprob\u00f3 una ley especial para anular las condenas impuestas a partir del art\u00edculo 175 del C\u00f3digo Penal, que desde 1871 hasta 1994 prohibi\u00f3 las relaciones sexuales entre personas del mismo sexo.<\/p>\n<p>&nbsp;<\/p>\n<p>Aunque la homosexualidad se despenaliz\u00f3 en 1969, el art\u00edculo 175 se mantuvo vigente por 25 a\u00f1os m\u00e1s y las condenas judiciales, 48 a\u00f1os m\u00e1s.<\/p>\n<p>&nbsp;<\/p>\n<p>Steinmeier eligi\u00f3 como escenario de sus disculpas p\u00fablicas el monumento que se levant\u00f3 hace 10 a\u00f1os en memoria de los cr\u00edmenes cometidos por el r\u00e9gimen de Adolf Hitler contra los homosexuales, indic\u00f3 la agencia EFE.<\/p>\n<p>&nbsp;<\/p>\n<p>El memorial consiste en un pilar de hormig\u00f3n de cuatro metros de altura, dise\u00f1ado por los artistas escandinavos Michael Elmgreen e Ingar Dragset, en cuyo interior se ve un v\u00eddeo con dos hombres bes\u00e1ndose.<\/p>\n<p>&nbsp;<\/p>\n<p>Situado en el c\u00e9ntrico parque berlin\u00e9s del Tiergarten, el monumento rinde homenaje a los 7.000 gays y lesbianas que se estima murieron en campos de concentraci\u00f3n durante el nazismo y a los m\u00e1s de 54.000 que fueron procesados por su orientaci\u00f3n sexual entre 1933 y 1945.<\/p>\n<p>&nbsp;<\/p>\n<p>&#8220;Como presidente federal es importante para mi dec\u00edrselo: su pa\u00eds les hizo esperar demasiado tiempo&#8221;, afirm\u00f3 Steinmeier. &#8220;Les pido perd\u00f3n por ello. Por el dolor y por la injusticia pasados y por el largo silencio que le sucedi\u00f3&#8221;, agreg\u00f3.<\/p>\n<p>&nbsp;<\/p>\n<p>Pero la persecuci\u00f3n alemana contra los homosexuales no termin\u00f3 con el nazismo. Se estima que entre 1949 y 1994 se proces\u00f3 a alrededor de 64.000 personas por el art\u00edculo 175 del C\u00f3digo Penal, en su mayor\u00eda hasta finales de la d\u00e9cada de los 60.<\/p>\n<p>&nbsp;<\/p>\n<p>Mientras que la Rep\u00fablica Democr\u00e1tica Alemana (RDA), la parte comunista del pa\u00eds durante la Guerra Fr\u00eda, aboli\u00f3 completamente la ley que penalizaba la homosexualidad en 1968, la llamada Alemania oriental la suaviz\u00f3 para evitar nuevas condenas de c\u00e1rcel.<\/p>\n<p>&nbsp;<\/p>\n<p>La persecuci\u00f3n judicial termin\u00f3 oficialmente en 1994, pero reci\u00e9n el a\u00f1o pasado un gobierno alem\u00e1n reconoci\u00f3, con indemnizaciones, los da\u00f1os que cometi\u00f3 en la comunidad homosexual.<\/p>\n<p>&nbsp;<\/p>\n<p>En 2017, Merkel suspendi\u00f3 todas las condenas y aprob\u00f3 una indemnizaci\u00f3n de unos 3.000 euros para cada condenado, adem\u00e1s de 1.500 euros por cada a\u00f1o que vivi\u00f3 privado de su libertad.<\/p>\n<p>&nbsp;<\/p>\n<p>Esta medida no fue simb\u00f3lica. A\u00fan viven en Alemania alrededor de 5.000 personas que fueron condenadas por homosexualidad.<\/p>\n","protected":false},"excerpt":{"rendered":"<p>El presidente alem\u00e1n, Frank-Walter Steinmeier, pidi\u00f3 perd\u00f3n a los homosexuales por los cr\u00edmenes del nazismo, al lamentarse de que durante d\u00e9cadas se siguiera persiguiendo judicialmente a ese colectivo &nbsp; &nbsp; &nbsp; &nbsp; &#8220;Llegamos tarde&#8221;, reconoci\u00f3 Steinmeier ante el monumento a las v\u00edctimas homosexuales del Tercer Reich, y record\u00f3 que reci\u00e9n el a\u00f1o pasado el Gobierno de Angela Merkel aprob\u00f3 una ley especial para anular las condenas impuestas a partir del art\u00edculo 175 del C\u00f3digo Penal, que desde 1871 hasta 1994 prohibi\u00f3 las relaciones sexuales entre personas del mismo sexo. &nbsp;&#8230;<\/p>\n","protected":false},"author":3,"featured_media":28072,"comment_status":"closed","ping_status":"closed","sticky":false,"template":"","format":"standard","meta":[],"categories":[4],"tags":[],"_links":{"self":[{"href":"https:\/\/www.actualidadadiario.com\/index.php\/wp-json\/wp\/v2\/posts\/28071"}],"collection":[{"href":"https:\/\/www.actualidadadiario.com\/index.php\/wp-json\/wp\/v2\/posts"}],"about":[{"href":"https:\/\/www.actualidadadiario.com\/index.php\/wp-json\/wp\/v2\/types\/post"}],"author":[{"embeddable":true,"href":"https:\/\/www.actualidadadiario.com\/index.php\/wp-json\/wp\/v2\/users\/3"}],"replies":[{"embeddable":true,"href":"https:\/\/www.actualidadadiario.com\/index.php\/wp-json\/wp\/v2\/comments?post=28071"}],"version-history":[{"count":1,"href":"https:\/\/www.actualidadadiario.com\/index.php\/wp-json\/wp\/v2\/posts\/28071\/revisions"}],"predecessor-version":[{"id":28073,"href":"https:\/\/www.actualidadadiario.com\/index.php\/wp-json\/wp\/v2\/posts\/28071\/revisions\/28073"}],"wp:featuredmedia":[{"embeddable":true,"href":"https:\/\/www.actualidadadiario.com\/index.php\/wp-json\/wp\/v2\/media\/28072"}],"wp:attachment":[{"href":"https:\/\/www.actualidadadiario.com\/index.php\/wp-json\/wp\/v2\/media?parent=28071"}],"wp:term":[{"taxonomy":"category","embeddable":true,"href":"https:\/\/www.actualidadadiario.com\/index.php\/wp-json\/wp\/v2\/categories?post=28071"},{"taxonomy":"post_tag","embeddable":true,"href":"https:\/\/www.actualidadadiario.com\/index.php\/wp-json\/wp\/v2\/tags?post=28071"}],"curies":[{"name":"wp","href":"https:\/\/api.w.org\/{rel}","templated":true}]}}