{"id":28068,"date":"2018-06-04T10:26:46","date_gmt":"2018-06-04T13:26:46","guid":{"rendered":"https:\/\/www.actualidadadiario.com\/?p=28068"},"modified":"2018-11-06T19:44:39","modified_gmt":"2018-11-06T22:44:39","slug":"el-papa-nombro-a-un-cura-villero-en-reemplazo-de-aguer","status":"publish","type":"post","link":"https:\/\/www.actualidadadiario.com\/index.php\/2018\/06\/04\/el-papa-nombro-a-un-cura-villero-en-reemplazo-de-aguer\/","title":{"rendered":"El Papa nombr\u00f3 a un cura villero en reemplazo de Aguer"},"content":{"rendered":"<p><em><strong>El nuevo arzobispo de La Plata es &#8220;Tucho&#8221; Fern\u00e1ndez<\/strong><\/em><\/p>\n<p>&nbsp;<\/p>\n<p>&nbsp;<\/p>\n<p>&nbsp;<\/p>\n<p>&nbsp;<\/p>\n<p>El papa Francisco design\u00f3 a uno de sus m\u00e1s cercanos colaboradores, el ex rector de la Universidad Cat\u00f3lica Argentina (UCA), monse\u00f1or V\u00edctor Manuel &#8220;Tucho&#8221; Fern\u00e1ndez, como nuevo arzobispo de La Plata, en reemplazo del renunciado H\u00e9ctor Aguer.<\/p>\n<p>&nbsp;<\/p>\n<p>De este modo, &#8220;Tucho&#8221; se convirti\u00f3 en el tercer obispo villero dentro del Episcopado argentino, luego de la designaci\u00f3n de Gustavo Carrara como obispo auxiliar de Buenos Aires y de Jorge Garc\u00eda Cuerva como auxiliar en Lomas de Zamora.<\/p>\n<p>&nbsp;<\/p>\n<p>Fern\u00e1ndez, un te\u00f3logo de extrema confianza del pont\u00edfice nacido el 18 de junio de 1962, asumir\u00e1 en la arquidi\u00f3cesis de la capital bonaerense luego de que Francisco aceptara la renuncia presentada por Aguer el pasado 24 de mayo tras 18 a\u00f1os al frente, inform\u00f3 un comunicado de la Santa Sede.<\/p>\n<p>&nbsp;<\/p>\n<p>Desde los inicios de su carrera eclesi\u00e1stica Fern\u00e1ndez dedicaba todos los fines de semana a trabajar en parroquias de la periferia social. En una villa de Grand Bourg conoci\u00f3 al sacerdote jesuita Pablo Tissera, quien se convertir\u00eda en su director espiritual.<\/p>\n<p>&nbsp;<\/p>\n<p>Fern\u00e1ndez, autor de numerosos libros y publicaciones y cultor del perfil bajo, fue rector de la UCA desde 2009, cuando hab\u00eda sido designado a instancias del entonces arzobispo porte\u00f1o Jorge Bergoglio, hasta abril pasado.<\/p>\n<p>&nbsp;<\/p>\n<p>Fern\u00e1ndez, que hab\u00eda sido nombrado arzobispo de Tiburnia por el papa en mayo de 2013, es uno de los pilares intelectuales sobre los que se ha basado Bergoglio para la escritura de diversos documentos pontificios, como las exhortaciones de 2013 Evangelii gaudium; la de 2016 Amoris Laetitia y la de 2018, Gaudete et exsultate.<\/p>\n<p>&nbsp;<\/p>\n<p>&#8220;Tucho&#8221; fue, adem\u00e1s, ladero del entonces cardenal Jorge Bergoglio cuando en 2007 el ahora pont\u00edfice presidi\u00f3 la comisi\u00f3n redactora del documento de la V Conferencia del Episcopado Latinoamericano en Aparecida, Brasil, que los expertos definen como el &#8220;inicio conceptual&#8221; de su pontificado.<\/p>\n<p>&nbsp;<\/p>\n<p>El nuevo arzobispo platense, miembro de la comisi\u00f3n de Fe y Cultura de la Conferencia Episcopal Argentina, es licenciado en Teolog\u00eda con especializaci\u00f3n b\u00edblica por la Pontificia Universidad Gregoriana, de Roma, en 1988, y doctor en Teolog\u00eda por la Facultad de Teolog\u00eda de la UCA en 1990.<\/p>\n<p>&nbsp;<\/p>\n<p>A fines de 2016, Francisco hab\u00eda designado a Fern\u00e1ndez consultor de la Congregaci\u00f3n para la Educaci\u00f3n Cat\u00f3lica del Vaticano, el organismo que tiene bajo su \u00f3rbita &#8220;todas las Universidades, Facultades, Institutos y Escuelas Superiores de estudios eclesi\u00e1sticos o civiles que dependen de personas f\u00edsicas o morales eclesi\u00e1sticas, as\u00ed como tambi\u00e9n, sobre las Instituciones y Asociaciones con finalidades cient\u00edficas&#8221;.<\/p>\n<p>&nbsp;<\/p>\n<p>Aguer, renunci\u00f3 a fines del mes pasado al llegar al l\u00edmite de los 75 a\u00f1os y puso fin -de este modo- a un per\u00edodo marcado por las pol\u00e9micas y su alto perfil.<\/p>\n","protected":false},"excerpt":{"rendered":"<p>El nuevo arzobispo de La Plata es &#8220;Tucho&#8221; Fern\u00e1ndez &nbsp; &nbsp; &nbsp; &nbsp; El papa Francisco design\u00f3 a uno de sus m\u00e1s cercanos colaboradores, el ex rector de la Universidad Cat\u00f3lica Argentina (UCA), monse\u00f1or V\u00edctor Manuel &#8220;Tucho&#8221; Fern\u00e1ndez, como nuevo arzobispo de La Plata, en reemplazo del renunciado H\u00e9ctor Aguer. &nbsp; De este modo, &#8220;Tucho&#8221; se convirti\u00f3 en el tercer obispo villero dentro del Episcopado argentino, luego de la designaci\u00f3n de Gustavo Carrara como obispo auxiliar de Buenos Aires y de Jorge Garc\u00eda Cuerva como auxiliar en Lomas de Zamora&#8230;.<\/p>\n","protected":false},"author":3,"featured_media":28069,"comment_status":"closed","ping_status":"closed","sticky":false,"template":"","format":"standard","meta":[],"categories":[4],"tags":[],"_links":{"self":[{"href":"https:\/\/www.actualidadadiario.com\/index.php\/wp-json\/wp\/v2\/posts\/28068"}],"collection":[{"href":"https:\/\/www.actualidadadiario.com\/index.php\/wp-json\/wp\/v2\/posts"}],"about":[{"href":"https:\/\/www.actualidadadiario.com\/index.php\/wp-json\/wp\/v2\/types\/post"}],"author":[{"embeddable":true,"href":"https:\/\/www.actualidadadiario.com\/index.php\/wp-json\/wp\/v2\/users\/3"}],"replies":[{"embeddable":true,"href":"https:\/\/www.actualidadadiario.com\/index.php\/wp-json\/wp\/v2\/comments?post=28068"}],"version-history":[{"count":1,"href":"https:\/\/www.actualidadadiario.com\/index.php\/wp-json\/wp\/v2\/posts\/28068\/revisions"}],"predecessor-version":[{"id":28070,"href":"https:\/\/www.actualidadadiario.com\/index.php\/wp-json\/wp\/v2\/posts\/28068\/revisions\/28070"}],"wp:featuredmedia":[{"embeddable":true,"href":"https:\/\/www.actualidadadiario.com\/index.php\/wp-json\/wp\/v2\/media\/28069"}],"wp:attachment":[{"href":"https:\/\/www.actualidadadiario.com\/index.php\/wp-json\/wp\/v2\/media?parent=28068"}],"wp:term":[{"taxonomy":"category","embeddable":true,"href":"https:\/\/www.actualidadadiario.com\/index.php\/wp-json\/wp\/v2\/categories?post=28068"},{"taxonomy":"post_tag","embeddable":true,"href":"https:\/\/www.actualidadadiario.com\/index.php\/wp-json\/wp\/v2\/tags?post=28068"}],"curies":[{"name":"wp","href":"https:\/\/api.w.org\/{rel}","templated":true}]}}