{"id":28065,"date":"2018-06-04T10:25:05","date_gmt":"2018-06-04T13:25:05","guid":{"rendered":"https:\/\/www.actualidadadiario.com\/?p=28065"},"modified":"2018-11-06T19:44:39","modified_gmt":"2018-11-06T22:44:39","slug":"tras-los-cambios-en-la-mesa-chica-marcos-pena-continua-de-gira-internacional","status":"publish","type":"post","link":"https:\/\/www.actualidadadiario.com\/index.php\/2018\/06\/04\/tras-los-cambios-en-la-mesa-chica-marcos-pena-continua-de-gira-internacional\/","title":{"rendered":"Tras los cambios en la mesa chica, Marcos Pe\u00f1a contin\u00faa de gira internacional"},"content":{"rendered":"<p><em><strong>Lejos de la escena local, el jefe de Gabinete tendr\u00e1 una agenda de encuentros en Reindo Unido y Nueva York, para avanzar con la cooperaci\u00f3n bilateral y fortalecer el comercio<\/strong><\/em><\/p>\n<p>&nbsp;<\/p>\n<p>&nbsp;<\/p>\n<p>&nbsp;<\/p>\n<p>La crisis que desat\u00f3 la situaci\u00f3n econ\u00f3mica y cambiaria provoc\u00f3 cambios y ampliaciones en la mesa chica del Gobierno de Mauricio Macri. La mayor modificaci\u00f3n la enfrenta Marcos Pe\u00f1a: el jefe de Gabinete, cuya misi\u00f3n siempre estuvo m\u00e1s enfocada en el manejo del d\u00eda a d\u00eda del Ejecutivo, emprendi\u00f3 un viaje a Cuba a fines de mayo, despu\u00e9s de la corrida contra el d\u00f3lar, con el objetivo declarado de fortalecer el v\u00ednculo pol\u00edtico con la generaci\u00f3n de recambio en el gobierno de La Habana.<\/p>\n<p>&nbsp;<\/p>\n<p>Tras la aprobaci\u00f3n en el Congreso del proyecto opositor para retrotraer tarifas, que el l\u00edder de Cambiemos luego vet\u00f3, el ministro coordinador viajar\u00e1 esta semana rumbo a Londres: all\u00ed se reunir\u00e1 con autoridades del Gobierno del Reino Unido y con representantes parlamentarios para analizar distintos temas que forman parte de la agenda bilateral, y rendir\u00e1 homenaje a los soldados brit\u00e1nicos ca\u00eddos en la guerra de Malvinas.<\/p>\n<p>&nbsp;<\/p>\n<p>Pe\u00f1a viajar\u00e1 acompa\u00f1ado del secretario de Asuntos Estrat\u00e9gicos, Fulvio Pompeo, y permanecer\u00e1n en la capital brit\u00e1nica hasta el martes pr\u00f3ximo, cuando continuar\u00e1 su viaje con destino a Nueva York, representando al Presidente sin la presencia del canciller Jorge Faurie, que no formar\u00e1 parte de la delegaci\u00f3n.<\/p>\n<p>&nbsp;<\/p>\n<p>&nbsp;<\/p>\n<p><strong>Agenda<\/strong><\/p>\n<p>En la primera actividad oficial en Londres, adem\u00e1s, el jefe de Gabinete tendr\u00e1 un gesto de reciprocidad con Gran Breta\u00f1a al depositar una ofrenda floral en St. Pauls Cathedral, en homenaje a los soldados brit\u00e1nicos ca\u00eddos en la guerra de las Malvinas. Este gesto se corresponde con el homenaje del que el canciller brit\u00e1nico Boris Johnson particip\u00f3 el 20 de mayo pasado en Buenos Aires, donde ofrend\u00f3 a los soldados de nuestro pa\u00eds que murieron en el conflicto b\u00e9lico ante el monumento en honor de los ca\u00eddos, ubicado en la Plaza San Mart\u00edn.<\/p>\n<p>&nbsp;<\/p>\n<p>El d\u00eda lunes, Pe\u00f1a se reunir\u00e1 con el canciller Johnson, con quien repasar\u00e1 la agenda -que tom\u00f3 un nuevo impulso a partir de la asunci\u00f3n del presidente Mauricio Macri- y firmar\u00e1 un acuerdo para avanzar en instancias de cooperaci\u00f3n bilateral y fortalecer el comercio, a pesar del reclamo contrapuesto respecto a la soberan\u00eda de las Islas Malvinas.<\/p>\n<p>&nbsp;<\/p>\n<p>Con intenciones similares de cooperaci\u00f3n, tendr\u00e1 reuniones con el secretario de Estado para el Comercio Exterior, Liam Fox; el ministro de Econom\u00eda, Phillip Hammond, y el secretario de Estado de Medio Ambiente, Alimentos y Agroindustria, Michael Gove. Adem\u00e1s, el jefe de Gabinete se reunir\u00e1 con parlamentarios miembros del Grupo de Amistad con Argentina y compartir\u00e1 una cena en la Residencia Oficial Argentina con miembros del Gobierno, el Parlamento, acad\u00e9micos e inversionistas.<\/p>\n<p>&nbsp;<\/p>\n<p>En tanto, el martes Marcos Pe\u00f1a tendr\u00e1 dos rondas de entrevistas con empresarios e inversores y brindar\u00e1 una conferencia sobre el tema &#8220;Presidencia Argentina del G-20-Cambio pol\u00edtico promoviendo una agenda para una econom\u00eda global sustentable&#8221;.<\/p>\n<p>&nbsp;<\/p>\n<p>La agenda concluir\u00e1 poco despu\u00e9s del mediod\u00eda con las audiencias que el jefe de Gabinete mantendr\u00e1 con Peter Hill, secretario de la primera ministra Theresa May; David Lidington, ministro del Gabinete, y Mark Sedwill, asesor de Seguridad Nacional.<\/p>\n<p>&nbsp;<\/p>\n<p>Luego de esta serie de reuniones en Londres, los funcionarios tienen previsto continuar con los encuentros internacionales en Nueva York, donde compartir\u00e1n un desayuno con autoridades del Consejo Empresarial para el Entendimiento Internacional, el d\u00eda mi\u00e9rcoles.<\/p>\n<p>&nbsp;<\/p>\n<p>El programa seguir\u00e1 en esa ciudad con diversos encuentros con inversores, empresarios y representantes del mundo financiero y con un almuerzo servido en honor al jefe de Gabinete en el Council of Americas. Asimismo, Pe\u00f1a se reunir\u00e1 con la embajadora de Estados Unidos ante las Naciones Unidas, Nikki Haley.<\/p>\n","protected":false},"excerpt":{"rendered":"<p>Lejos de la escena local, el jefe de Gabinete tendr\u00e1 una agenda de encuentros en Reindo Unido y Nueva York, para avanzar con la cooperaci\u00f3n bilateral y fortalecer el comercio &nbsp; &nbsp; &nbsp; La crisis que desat\u00f3 la situaci\u00f3n econ\u00f3mica y cambiaria provoc\u00f3 cambios y ampliaciones en la mesa chica del Gobierno de Mauricio Macri. La mayor modificaci\u00f3n la enfrenta Marcos Pe\u00f1a: el jefe de Gabinete, cuya misi\u00f3n siempre estuvo m\u00e1s enfocada en el manejo del d\u00eda a d\u00eda del Ejecutivo, emprendi\u00f3 un viaje a Cuba a fines de mayo,&#8230;<\/p>\n","protected":false},"author":3,"featured_media":28066,"comment_status":"closed","ping_status":"closed","sticky":false,"template":"","format":"standard","meta":[],"categories":[18],"tags":[],"_links":{"self":[{"href":"https:\/\/www.actualidadadiario.com\/index.php\/wp-json\/wp\/v2\/posts\/28065"}],"collection":[{"href":"https:\/\/www.actualidadadiario.com\/index.php\/wp-json\/wp\/v2\/posts"}],"about":[{"href":"https:\/\/www.actualidadadiario.com\/index.php\/wp-json\/wp\/v2\/types\/post"}],"author":[{"embeddable":true,"href":"https:\/\/www.actualidadadiario.com\/index.php\/wp-json\/wp\/v2\/users\/3"}],"replies":[{"embeddable":true,"href":"https:\/\/www.actualidadadiario.com\/index.php\/wp-json\/wp\/v2\/comments?post=28065"}],"version-history":[{"count":1,"href":"https:\/\/www.actualidadadiario.com\/index.php\/wp-json\/wp\/v2\/posts\/28065\/revisions"}],"predecessor-version":[{"id":28067,"href":"https:\/\/www.actualidadadiario.com\/index.php\/wp-json\/wp\/v2\/posts\/28065\/revisions\/28067"}],"wp:featuredmedia":[{"embeddable":true,"href":"https:\/\/www.actualidadadiario.com\/index.php\/wp-json\/wp\/v2\/media\/28066"}],"wp:attachment":[{"href":"https:\/\/www.actualidadadiario.com\/index.php\/wp-json\/wp\/v2\/media?parent=28065"}],"wp:term":[{"taxonomy":"category","embeddable":true,"href":"https:\/\/www.actualidadadiario.com\/index.php\/wp-json\/wp\/v2\/categories?post=28065"},{"taxonomy":"post_tag","embeddable":true,"href":"https:\/\/www.actualidadadiario.com\/index.php\/wp-json\/wp\/v2\/tags?post=28065"}],"curies":[{"name":"wp","href":"https:\/\/api.w.org\/{rel}","templated":true}]}}