{"id":28062,"date":"2018-06-04T10:24:28","date_gmt":"2018-06-04T13:24:28","guid":{"rendered":"https:\/\/www.actualidadadiario.com\/?p=28062"},"modified":"2018-11-06T19:44:39","modified_gmt":"2018-11-06T22:44:39","slug":"el-presidente-viaja-a-la-cumbre-del-g7-donde-se-vera-con-lagarde","status":"publish","type":"post","link":"https:\/\/www.actualidadadiario.com\/index.php\/2018\/06\/04\/el-presidente-viaja-a-la-cumbre-del-g7-donde-se-vera-con-lagarde\/","title":{"rendered":"El Presidente viaja a la cumbre del G7, donde se ver\u00e1 con Lagarde"},"content":{"rendered":"<p><em><strong>El mandatario tendr\u00e1 oportunidad de dialogar con la l\u00edder del Fondo. En Canad\u00e1 tambi\u00e9n se encontrar\u00e1 con la CEO del Banco Mundial, otro organismo con el que busca un cr\u00e9dito<\/strong><\/em><\/p>\n<p>&nbsp;<\/p>\n<p>&nbsp;<\/p>\n<p>&nbsp;<\/p>\n<p>&nbsp;<\/p>\n<p>En plena negociaci\u00f3n con el FMI, el presidente Mauricio Macri viajar\u00e1 este 8 y 9 de junio a la cumbre del G7 en Quebec, en la que la titular del Fondo, Christine Lagarde, tambi\u00e9n tendr\u00e1 una silla. El jefe de Estado sumar\u00e1 una foto con los l\u00edderes de los pa\u00edses m\u00e1s industrializados del mundo, y principales accionistas del organismo financiero, justo en momentos en los que est\u00e1 por definir el cr\u00e9dito stand by.<\/p>\n<p>&nbsp;<\/p>\n<p>Por primera vez, un presidente argentino participar\u00e1 de una cumbre del G7, que est\u00e1 integrado por los pa\u00edses con altos ingresos como Canad\u00e1, Francia, Estados Unidos, Jap\u00f3n, Alemania, Gran Breta\u00f1a e Italia. Macri fue invitado por el mandatario canadiense Justin Trudeau, en su car\u00e1cter de l\u00edder del G20 y no por su rol como mandatario argentino.<\/p>\n<p>&nbsp;<\/p>\n<p>En esa foto con los l\u00edderes del G7, Macri buscar\u00e1 mostrar el aval de los pa\u00edses que representan el 41,27% del poder de voto en el FMI. Diversos estudios coinciden en que aquellos pa\u00edses considerados &#8220;importantes&#8221; suelen cerrar acuerdos m\u00e1s favorables y con condicionalidades menos severas del Fondo. Esto lo tiene en cuenta el Gobierno. El Presidente lo plasm\u00f3 en la conferencia de prensa que dio en Olivos el 16 de mayo al se\u00f1alar que &#8220;el Fondo est\u00e1 integrado no solo por la Argentina sino por muchos pa\u00edses importantes del mundo, los m\u00e1s importantes tienen m\u00e1s peso en la decisi\u00f3n, y todos quieren que a los argentinos nos vaya bien&#8221;.<\/p>\n<p>&nbsp;<\/p>\n<p>All\u00ed tambi\u00e9n el Presidente se encontrar\u00e1 con los l\u00edderes de las organizaciones internacionales m\u00e1s influyentes en pol\u00edtica econ\u00f3mica global. As\u00ed que Macri tambi\u00e9n se ver\u00e1 con la CEO del Banco Mundial, Kristalina Georgieva. Con este organismo, el Gobierno tambi\u00e9n est\u00e1 manteniendo negociaciones para obtener otro cr\u00e9dito. En paralelo, tambi\u00e9n le servir\u00e1 para alimentar m\u00e1s desembolsos en proyectos de infraestructura, que es el principal valor del Banco, y justo en momentos en los que Naci\u00f3n planea bajar el gasto.<\/p>\n<p>&nbsp;<\/p>\n<p>Otro de las figuras que participar\u00e1 en el G7 ser\u00e1 la l\u00edder del FMI, Christine Lagarde, que siempre tiene una silla en las cumbres. Es que el Fondo hace una tarea de supervisi\u00f3n y monitoreo a este foro de los pa\u00edses m\u00e1s industrializados. En medio de esta cumbre, Macri entonces compartir\u00e1 la mesa con Lagarde, a d\u00edas de que el Gobierno seg\u00fan estiman anuncien el acuerdo con el FMI.<\/p>\n<p>&nbsp;<\/p>\n<p>En el G7 participar\u00e1n 19 mandatarios presidenciales y 4 l\u00edderes de organizaciones internacionales. De ah\u00ed que Macri tendr\u00e1 espacio para dialogar tambi\u00e9n con el secretario general de la OCDE, Jos\u00e9 \u00c1ngel Gurr\u00eda, luego de que la entidad postergara la oficializaci\u00f3n de la candidatura de Argentina como posible miembro permanente. De hecho, esta es una de las ventajas del G7, ya que permite el di\u00e1logo fluido entre mandatarios y organizaciones gracias a la escasa cantidad de miembros.<\/p>\n<p>&nbsp;<\/p>\n<p>Ahora bien, la cumbre en Canad\u00e1 anticipa varios desaf\u00edos por los aranceles que impuso Donald Trump al acero y aluminio. Para Macri, m\u00e1s all\u00e1 de la tensi\u00f3n entre pa\u00edses, ser\u00e1 una ocasi\u00f3n para acercar posiciones con el l\u00edder estadounidense as\u00ed como con la canciller Angela Merkel (Alemania) o el primer ministro japon\u00e9s Shinzo Abe.<\/p>\n","protected":false},"excerpt":{"rendered":"<p>El mandatario tendr\u00e1 oportunidad de dialogar con la l\u00edder del Fondo. En Canad\u00e1 tambi\u00e9n se encontrar\u00e1 con la CEO del Banco Mundial, otro organismo con el que busca un cr\u00e9dito &nbsp; &nbsp; &nbsp; &nbsp; En plena negociaci\u00f3n con el FMI, el presidente Mauricio Macri viajar\u00e1 este 8 y 9 de junio a la cumbre del G7 en Quebec, en la que la titular del Fondo, Christine Lagarde, tambi\u00e9n tendr\u00e1 una silla. El jefe de Estado sumar\u00e1 una foto con los l\u00edderes de los pa\u00edses m\u00e1s industrializados del mundo, y principales&#8230;<\/p>\n","protected":false},"author":3,"featured_media":28063,"comment_status":"closed","ping_status":"closed","sticky":false,"template":"","format":"standard","meta":[],"categories":[9,18],"tags":[],"_links":{"self":[{"href":"https:\/\/www.actualidadadiario.com\/index.php\/wp-json\/wp\/v2\/posts\/28062"}],"collection":[{"href":"https:\/\/www.actualidadadiario.com\/index.php\/wp-json\/wp\/v2\/posts"}],"about":[{"href":"https:\/\/www.actualidadadiario.com\/index.php\/wp-json\/wp\/v2\/types\/post"}],"author":[{"embeddable":true,"href":"https:\/\/www.actualidadadiario.com\/index.php\/wp-json\/wp\/v2\/users\/3"}],"replies":[{"embeddable":true,"href":"https:\/\/www.actualidadadiario.com\/index.php\/wp-json\/wp\/v2\/comments?post=28062"}],"version-history":[{"count":1,"href":"https:\/\/www.actualidadadiario.com\/index.php\/wp-json\/wp\/v2\/posts\/28062\/revisions"}],"predecessor-version":[{"id":28064,"href":"https:\/\/www.actualidadadiario.com\/index.php\/wp-json\/wp\/v2\/posts\/28062\/revisions\/28064"}],"wp:featuredmedia":[{"embeddable":true,"href":"https:\/\/www.actualidadadiario.com\/index.php\/wp-json\/wp\/v2\/media\/28063"}],"wp:attachment":[{"href":"https:\/\/www.actualidadadiario.com\/index.php\/wp-json\/wp\/v2\/media?parent=28062"}],"wp:term":[{"taxonomy":"category","embeddable":true,"href":"https:\/\/www.actualidadadiario.com\/index.php\/wp-json\/wp\/v2\/categories?post=28062"},{"taxonomy":"post_tag","embeddable":true,"href":"https:\/\/www.actualidadadiario.com\/index.php\/wp-json\/wp\/v2\/tags?post=28062"}],"curies":[{"name":"wp","href":"https:\/\/api.w.org\/{rel}","templated":true}]}}