{"id":2806,"date":"2016-10-18T09:41:02","date_gmt":"2016-10-18T12:41:02","guid":{"rendered":"http:\/\/actualidadadiario.com\/site\/?p=2806"},"modified":"2016-10-18T09:41:02","modified_gmt":"2016-10-18T12:41:02","slug":"el-gobierno-vuelve-a-la-campana-para-quitar-a-gils-carbo","status":"publish","type":"post","link":"https:\/\/www.actualidadadiario.com\/index.php\/2016\/10\/18\/el-gobierno-vuelve-a-la-campana-para-quitar-a-gils-carbo\/","title":{"rendered":"El Gobierno vuelve a la campa\u00f1a para quitar a Gils Carb\u00f3"},"content":{"rendered":"<p><em><strong>La Procuradora General se encuentra nuevamente en el ojo de Cambiemos con el objetivo definitivo de apartarla de su cargo<\/strong><\/em><\/p>\n<p>&nbsp;<\/p>\n<p>&nbsp;<\/p>\n<p>&nbsp;<\/p>\n<p>&nbsp;<\/p>\n<p>El ministro de Justicia, Germ\u00e1n Garavano, renov\u00f3 este s\u00e1bado la presi\u00f3n del Gobierno nacional para que la procuradora Alejandra Gils Carb\u00f3 renuncie a su cargo y al interpretar que ese organismo &#8220;ha sido uno de las grandes ausentes&#8221; en la lucha contra la inseguridad en los \u00faltimos a\u00f1os, afirm\u00f3 que desde el kirchnerismo &#8220;probablemente le est\u00e9n pidiendo que se quede&#8221; en su puesto.<\/p>\n<p>&nbsp;<\/p>\n<p>&#8220;Ojal\u00e1 la Procuradora diera un paso al costado y permitiera generar un cambio, una renovaci\u00f3n en el Ministerio P\u00fablico para que alguien con mayor liderazgo y, si se quiere, mayor reconocimiento social pueda ayudar en esta lucha contra el narcotr\u00e1fico, contra la inseguridad donde el Ministerio P\u00fablico es la pieza central y el m\u00e1ximo responsable para tener \u00e9xito en este desaf\u00edo&#8221;, remarc\u00f3.<\/p>\n<p>&nbsp;<\/p>\n<p>En declaraciones a radio Continental, consultado sobre si Gils Carb\u00f3 permanece &#8220;atrincherada&#8221; en su cargo, Garavano evit\u00f3 usar ese t\u00e9rmino, pero apunt\u00f3 contra la anterior administraci\u00f3n kirchnerista: &#8220;Ella lleg\u00f3 de la mano de un gobierno que la puso en ese lugar y (sus referentes) probablemente le est\u00e9n pidiendo que se quede&#8221;.<\/p>\n<p>&nbsp;<\/p>\n<p>El ministro ratific\u00f3 que desde la actual gesti\u00f3n &#8220;estamos avanzando desde el punto de vista institucional&#8221; para lograr apartar a Gils Carb\u00f3 de la Procuradur\u00eda General y mencion\u00f3 las &#8220;quejas&#8221; que existen &#8220;hacia la gesti\u00f3n&#8221; de esa funcionaria, &#8220;inclusive en los temas&#8221; vinculados a la &#8220;inseguridad&#8221;.<\/p>\n","protected":false},"excerpt":{"rendered":"<p>La Procuradora General se encuentra nuevamente en el ojo de Cambiemos con el objetivo definitivo de apartarla de su cargo &nbsp; &nbsp; &nbsp; &nbsp; El ministro de Justicia, Germ\u00e1n Garavano, renov\u00f3 este s\u00e1bado la presi\u00f3n del Gobierno nacional para que la procuradora Alejandra Gils Carb\u00f3 renuncie a su cargo y al interpretar que ese organismo &#8220;ha sido uno de las grandes ausentes&#8221; en la lucha contra la inseguridad en los \u00faltimos a\u00f1os, afirm\u00f3 que desde el kirchnerismo &#8220;probablemente le est\u00e9n pidiendo que se quede&#8221; en su puesto. &nbsp; &#8220;Ojal\u00e1 la&#8230;<\/p>\n","protected":false},"author":3,"featured_media":2807,"comment_status":"closed","ping_status":"closed","sticky":false,"template":"","format":"standard","meta":[],"categories":[18],"tags":[],"_links":{"self":[{"href":"https:\/\/www.actualidadadiario.com\/index.php\/wp-json\/wp\/v2\/posts\/2806"}],"collection":[{"href":"https:\/\/www.actualidadadiario.com\/index.php\/wp-json\/wp\/v2\/posts"}],"about":[{"href":"https:\/\/www.actualidadadiario.com\/index.php\/wp-json\/wp\/v2\/types\/post"}],"author":[{"embeddable":true,"href":"https:\/\/www.actualidadadiario.com\/index.php\/wp-json\/wp\/v2\/users\/3"}],"replies":[{"embeddable":true,"href":"https:\/\/www.actualidadadiario.com\/index.php\/wp-json\/wp\/v2\/comments?post=2806"}],"version-history":[{"count":1,"href":"https:\/\/www.actualidadadiario.com\/index.php\/wp-json\/wp\/v2\/posts\/2806\/revisions"}],"predecessor-version":[{"id":2808,"href":"https:\/\/www.actualidadadiario.com\/index.php\/wp-json\/wp\/v2\/posts\/2806\/revisions\/2808"}],"wp:featuredmedia":[{"embeddable":true,"href":"https:\/\/www.actualidadadiario.com\/index.php\/wp-json\/wp\/v2\/media\/2807"}],"wp:attachment":[{"href":"https:\/\/www.actualidadadiario.com\/index.php\/wp-json\/wp\/v2\/media?parent=2806"}],"wp:term":[{"taxonomy":"category","embeddable":true,"href":"https:\/\/www.actualidadadiario.com\/index.php\/wp-json\/wp\/v2\/categories?post=2806"},{"taxonomy":"post_tag","embeddable":true,"href":"https:\/\/www.actualidadadiario.com\/index.php\/wp-json\/wp\/v2\/tags?post=2806"}],"curies":[{"name":"wp","href":"https:\/\/api.w.org\/{rel}","templated":true}]}}