{"id":2793,"date":"2016-10-18T09:36:47","date_gmt":"2016-10-18T12:36:47","guid":{"rendered":"http:\/\/actualidadadiario.com\/site\/?p=2793"},"modified":"2016-10-18T09:36:47","modified_gmt":"2016-10-18T12:36:47","slug":"crisis-de-los-textiles-las-ventas-se-desplomaron-30-en-el-ano","status":"publish","type":"post","link":"https:\/\/www.actualidadadiario.com\/index.php\/2016\/10\/18\/crisis-de-los-textiles-las-ventas-se-desplomaron-30-en-el-ano\/","title":{"rendered":"Crisis de los textiles: las ventas se desplomaron 30% en el a\u00f1o"},"content":{"rendered":"<p><em><strong>Los empresarios alertan por el gran aumento de importaciones y los 20.000 trabajadores suspendidos del sector<\/strong><\/em><\/p>\n<p>&nbsp;<\/p>\n<p>&nbsp;<\/p>\n<p>&nbsp;<\/p>\n<p>El presidente de la Fundaci\u00f3n Pro Tejer, Jorge Sorabilla, advirti\u00f3 que el sector atraviesa un momento &#8220;complejo y dif\u00edcil&#8221;, con una ca\u00edda del 30% interanual en septiembre, sumado a un fuerte aumento del 15% en las importaciones. Fue al inaugurar la ProTextil 2016 ante unos 1.500 empresarios, la vicepresidenta Gabriela Michetti y el director de Aduanas, Juan Jos\u00e9 G\u00f3mez Centuri\u00f3n.<\/p>\n<p>&nbsp;<\/p>\n<p>La actividad productiva de la industria textil anot\u00f3 en septiembre una ca\u00edda anual del 25% con la supresi\u00f3n de unos 20.000 empleos acumulados en lo que va de 2016. La situaci\u00f3n fue expuesta con datos relevados por el director ejecutivo de la Fundaci\u00f3n ProTejer, Ariel Schale.<\/p>\n<p>&nbsp;<\/p>\n<p>Las importaciones totales hasta el 30 de septiembre alcanzaron 176.700 toneladas, lo que signific\u00f3 un incremento del 15% anual, con datos que alertan como 26% de crecimiento en el ingreso externo de hilados, indic\u00f3 Schale.<\/p>\n<p>&nbsp;<\/p>\n<p>Con las f\u00e1bricas operando el 65% de su capacidad instalada, los empresarios textiles aseguran que fue la combinaci\u00f3n de dos fen\u00f3menos lo que impact\u00f3 este a\u00f1o en la actividad, pero son optimistas respecto de poder reencausar el rumbo. &#8220;Hubo una mezcla explosiva: la ca\u00edda de la demanda del consumo interno con el aumento de las importaciones. Eso gener\u00f3 recortes en las horas trabajadas, suspensiones y cesant\u00edas en algunas plantas&#8221;, sostuvo Sorabilla.<\/p>\n<p>&nbsp;<\/p>\n<p>Destac\u00f3 que para cuidar a los consumidores, se debe entender que los productores textiles no son culpables de las subas de precios. Dijo que existen altos costos productivos que son generados por fuera de la cadena, como la renta inmobiliaria, adem\u00e1s de la carga fiscal &#8220;excesiva&#8221;, el ausentismo laboral y la litigiosidad. Esos factores, sumados a los de ca\u00edda de ventas por un contexto de demanda recesiva, generan adem\u00e1s un cambio de expectativas comerciales que se refleja en una parte importante del canal mayorista.<\/p>\n<p>&nbsp;<\/p>\n<p>Sorabilla dijo que el sector, con sus 20.000 empresas textiles y de confecci\u00f3n que generan 450.000 empleos directos, apoyar\u00e1 todas las pol\u00edticas de Estado que sean apropiadas generar el desarrollo productivo de la Argentina.<\/p>\n<p>&nbsp;<\/p>\n<p>&#8220;Estamos de acuerdo con que la Argentina necesita una econom\u00eda integrada al mundo, pero para que esto resulte virtuoso, los empresarios argentinos debemos competir en igualdad de condiciones&#8221;, dijo.<\/p>\n","protected":false},"excerpt":{"rendered":"<p>Los empresarios alertan por el gran aumento de importaciones y los 20.000 trabajadores suspendidos del sector &nbsp; &nbsp; &nbsp; El presidente de la Fundaci\u00f3n Pro Tejer, Jorge Sorabilla, advirti\u00f3 que el sector atraviesa un momento &#8220;complejo y dif\u00edcil&#8221;, con una ca\u00edda del 30% interanual en septiembre, sumado a un fuerte aumento del 15% en las importaciones. Fue al inaugurar la ProTextil 2016 ante unos 1.500 empresarios, la vicepresidenta Gabriela Michetti y el director de Aduanas, Juan Jos\u00e9 G\u00f3mez Centuri\u00f3n. &nbsp; La actividad productiva de la industria textil anot\u00f3 en septiembre&#8230;<\/p>\n","protected":false},"author":3,"featured_media":2794,"comment_status":"closed","ping_status":"closed","sticky":false,"template":"","format":"standard","meta":[],"categories":[2],"tags":[],"_links":{"self":[{"href":"https:\/\/www.actualidadadiario.com\/index.php\/wp-json\/wp\/v2\/posts\/2793"}],"collection":[{"href":"https:\/\/www.actualidadadiario.com\/index.php\/wp-json\/wp\/v2\/posts"}],"about":[{"href":"https:\/\/www.actualidadadiario.com\/index.php\/wp-json\/wp\/v2\/types\/post"}],"author":[{"embeddable":true,"href":"https:\/\/www.actualidadadiario.com\/index.php\/wp-json\/wp\/v2\/users\/3"}],"replies":[{"embeddable":true,"href":"https:\/\/www.actualidadadiario.com\/index.php\/wp-json\/wp\/v2\/comments?post=2793"}],"version-history":[{"count":1,"href":"https:\/\/www.actualidadadiario.com\/index.php\/wp-json\/wp\/v2\/posts\/2793\/revisions"}],"predecessor-version":[{"id":2795,"href":"https:\/\/www.actualidadadiario.com\/index.php\/wp-json\/wp\/v2\/posts\/2793\/revisions\/2795"}],"wp:featuredmedia":[{"embeddable":true,"href":"https:\/\/www.actualidadadiario.com\/index.php\/wp-json\/wp\/v2\/media\/2794"}],"wp:attachment":[{"href":"https:\/\/www.actualidadadiario.com\/index.php\/wp-json\/wp\/v2\/media?parent=2793"}],"wp:term":[{"taxonomy":"category","embeddable":true,"href":"https:\/\/www.actualidadadiario.com\/index.php\/wp-json\/wp\/v2\/categories?post=2793"},{"taxonomy":"post_tag","embeddable":true,"href":"https:\/\/www.actualidadadiario.com\/index.php\/wp-json\/wp\/v2\/tags?post=2793"}],"curies":[{"name":"wp","href":"https:\/\/api.w.org\/{rel}","templated":true}]}}