{"id":2788,"date":"2016-10-18T09:35:15","date_gmt":"2016-10-18T12:35:15","guid":{"rendered":"http:\/\/actualidadadiario.com\/site\/?p=2788"},"modified":"2016-10-18T09:35:15","modified_gmt":"2016-10-18T12:35:15","slug":"el-gobierno-confirma-que-no-se-hablara-del-bono-a-estatales-en-la-mesa-de-dialogo","status":"publish","type":"post","link":"https:\/\/www.actualidadadiario.com\/index.php\/2016\/10\/18\/el-gobierno-confirma-que-no-se-hablara-del-bono-a-estatales-en-la-mesa-de-dialogo\/","title":{"rendered":"El Gobierno confirma que no se hablar\u00e1 del bono a estatales en la mesa de di\u00e1logo"},"content":{"rendered":"<p><em><strong>El jefe de Gabinete, Marcos Pe\u00f1a, confirm\u00f3 que en la mesa de dialogo de la producci\u00f3n y el trabajo, que se llevar\u00e1 a cabo este mi\u00e9rcoles no conversar\u00e1n al respecto del bono de fin de a\u00f1o que los sindicalistas reclaman para los estatales indicando que &#8220;se plantear\u00e1 a nivel de cada provincia&#8221;. El ministro coordinador destac\u00f3 en C5N que la reuni\u00f3n tiene que ver mayormente con &#8220;lo que viene&#8221;<\/strong><\/em><\/p>\n<p>&nbsp;<\/p>\n<p>&nbsp;<\/p>\n<p>&nbsp;<\/p>\n<p>En una extensa entrevista, el hombre fuerte del armado de Cambiemos sostuvo que en los diez meses de gobierno de Macri &#8220;las mejoras fueron sustanciales y por eso vamos a crecer el a\u00f1o que viene&#8221;. Agreg\u00f3 que &#8220;ya se han anunciado decenas de millones de d\u00f3lares. De la decisi\u00f3n a que se implementa lleva un tiempo&#8221;.<\/p>\n<p>&nbsp;<\/p>\n<p>Con respecto a la inflaci\u00f3n, Pe\u00f1a entiende que &#8220;no hay que culpar a los empresarios&#8221; ya que es responsabilidad &#8220;del Estado&#8221;. El polit\u00f3logo que acompa\u00f1a al Presidente desde sus comienzos en la pol\u00edtica nacional estim\u00f3 que &#8220;hay consenso de que el a\u00f1o pr\u00f3ximo crecemos y eso generar\u00e1 un crecimiento del salario real. Hoy el salario real se va recuperando mes a mes. Se est\u00e1 recuperando el consumo&#8221;.<\/p>\n<p>&nbsp;<\/p>\n<p>&#8220;La discusi\u00f3n ahora es c\u00f3mo generar millones de puestos de trabajo en Argentina para salir de la pobreza. Estamos todav\u00eda en esa transici\u00f3n que dijimos que \u00edbamos a tener en el segundo semestre entre una econom\u00eda que se va normalizando y una que empieza a crecer. Queremos cuidar todos los empleos que tiene la Argentina y fortalecerlos&#8221;, agreg\u00f3 Pe\u00f1a.<\/p>\n<p>&nbsp;<\/p>\n<p>Al cierre se refiri\u00f3 a la situaci\u00f3n judicial de la ex presidenta, Cristina Fern\u00e1ndez de Kirchner y defendi\u00f3 al Gobierno de las cr\u00edticas de quienes afirman que al macrismo le conviene que no vaya detenida porque es funcional a sus objetivos. Pe\u00f1a dijo que &#8220;la Justicia funcionar\u00e1 si es independiente&#8221;. Ante la posibilidad de que CFK participe de las elecciones de medio t\u00e9rmino de 2017, concluy\u00f3 que &#8220;Cambiemos depende de Cambiemos&#8221; porque &#8220;la base de la gente que nos vot\u00f3 es nuestro foco principal&#8221;.<\/p>\n","protected":false},"excerpt":{"rendered":"<p>El jefe de Gabinete, Marcos Pe\u00f1a, confirm\u00f3 que en la mesa de dialogo de la producci\u00f3n y el trabajo, que se llevar\u00e1 a cabo este mi\u00e9rcoles no conversar\u00e1n al respecto del bono de fin de a\u00f1o que los sindicalistas reclaman para los estatales indicando que &#8220;se plantear\u00e1 a nivel de cada provincia&#8221;. El ministro coordinador destac\u00f3 en C5N que la reuni\u00f3n tiene que ver mayormente con &#8220;lo que viene&#8221; &nbsp; &nbsp; &nbsp; En una extensa entrevista, el hombre fuerte del armado de Cambiemos sostuvo que en los diez meses de&#8230;<\/p>\n","protected":false},"author":3,"featured_media":2723,"comment_status":"closed","ping_status":"closed","sticky":false,"template":"","format":"standard","meta":[],"categories":[9],"tags":[],"_links":{"self":[{"href":"https:\/\/www.actualidadadiario.com\/index.php\/wp-json\/wp\/v2\/posts\/2788"}],"collection":[{"href":"https:\/\/www.actualidadadiario.com\/index.php\/wp-json\/wp\/v2\/posts"}],"about":[{"href":"https:\/\/www.actualidadadiario.com\/index.php\/wp-json\/wp\/v2\/types\/post"}],"author":[{"embeddable":true,"href":"https:\/\/www.actualidadadiario.com\/index.php\/wp-json\/wp\/v2\/users\/3"}],"replies":[{"embeddable":true,"href":"https:\/\/www.actualidadadiario.com\/index.php\/wp-json\/wp\/v2\/comments?post=2788"}],"version-history":[{"count":1,"href":"https:\/\/www.actualidadadiario.com\/index.php\/wp-json\/wp\/v2\/posts\/2788\/revisions"}],"predecessor-version":[{"id":2789,"href":"https:\/\/www.actualidadadiario.com\/index.php\/wp-json\/wp\/v2\/posts\/2788\/revisions\/2789"}],"wp:featuredmedia":[{"embeddable":true,"href":"https:\/\/www.actualidadadiario.com\/index.php\/wp-json\/wp\/v2\/media\/2723"}],"wp:attachment":[{"href":"https:\/\/www.actualidadadiario.com\/index.php\/wp-json\/wp\/v2\/media?parent=2788"}],"wp:term":[{"taxonomy":"category","embeddable":true,"href":"https:\/\/www.actualidadadiario.com\/index.php\/wp-json\/wp\/v2\/categories?post=2788"},{"taxonomy":"post_tag","embeddable":true,"href":"https:\/\/www.actualidadadiario.com\/index.php\/wp-json\/wp\/v2\/tags?post=2788"}],"curies":[{"name":"wp","href":"https:\/\/api.w.org\/{rel}","templated":true}]}}