{"id":2786,"date":"2016-10-18T09:34:32","date_gmt":"2016-10-18T12:34:32","guid":{"rendered":"http:\/\/actualidadadiario.com\/site\/?p=2786"},"modified":"2016-10-18T09:34:32","modified_gmt":"2016-10-18T12:34:32","slug":"para-la-cgt-un-bono-de-1-000-es-completamente-insatisfactorio","status":"publish","type":"post","link":"https:\/\/www.actualidadadiario.com\/index.php\/2016\/10\/18\/para-la-cgt-un-bono-de-1-000-es-completamente-insatisfactorio\/","title":{"rendered":"Para la CGT, un bono de $ 1.000 &#8220;es completamente insatisfactorio&#8221;"},"content":{"rendered":"<p><em><strong>El secretario general de la CGT H\u00e9ctor Daer advirti\u00f3 este lunes que &#8220;el bono&#8221; de fin de a\u00f1o que negociar\u00e1n sindicalistas y empresarios &#8220;es insuficiente&#8221; de acuerdo al requerimiento de la central obrera<\/strong><\/em><\/p>\n<p>&nbsp;<\/p>\n<p>&nbsp;<\/p>\n<p>&nbsp;<\/p>\n<p>&nbsp;<\/p>\n<p>&#8220;El bono es insuficiente&#8221;, afirm\u00f3 Daer, al tiempo que apunt\u00f3 contra los empresarios, al se\u00f1alar que &#8220;se esconden detr\u00e1s de bambalinas&#8221;.<\/p>\n<p>&nbsp;<\/p>\n<p>En declaraciones al canal TN, el integrante del triunvirato que encabeza la Confederaci\u00f3n General del Trabajo (CGT), el secretario general del gremio de la Sanidad advirti\u00f3: &#8220;los empresarios se esconden detr\u00e1s de bambalinas, ellos tienen que afrontar esta situaci\u00f3n poniendo plata&#8221;.<\/p>\n<p>&nbsp;<\/p>\n<p>Luego de un acto por el D\u00eda de la Lealtad del que participaron sindicalistas, advirti\u00f3 que la CGT no descarta &#8220;nada&#8221; en relaci\u00f3n con la posible convocatoria a medidas de fuerza.<\/p>\n","protected":false},"excerpt":{"rendered":"<p>El secretario general de la CGT H\u00e9ctor Daer advirti\u00f3 este lunes que &#8220;el bono&#8221; de fin de a\u00f1o que negociar\u00e1n sindicalistas y empresarios &#8220;es insuficiente&#8221; de acuerdo al requerimiento de la central obrera &nbsp; &nbsp; &nbsp; &nbsp; &#8220;El bono es insuficiente&#8221;, afirm\u00f3 Daer, al tiempo que apunt\u00f3 contra los empresarios, al se\u00f1alar que &#8220;se esconden detr\u00e1s de bambalinas&#8221;. &nbsp; En declaraciones al canal TN, el integrante del triunvirato que encabeza la Confederaci\u00f3n General del Trabajo (CGT), el secretario general del gremio de la Sanidad advirti\u00f3: &#8220;los empresarios se esconden detr\u00e1s&#8230;<\/p>\n","protected":false},"author":3,"featured_media":2374,"comment_status":"closed","ping_status":"closed","sticky":false,"template":"","format":"standard","meta":[],"categories":[18],"tags":[],"_links":{"self":[{"href":"https:\/\/www.actualidadadiario.com\/index.php\/wp-json\/wp\/v2\/posts\/2786"}],"collection":[{"href":"https:\/\/www.actualidadadiario.com\/index.php\/wp-json\/wp\/v2\/posts"}],"about":[{"href":"https:\/\/www.actualidadadiario.com\/index.php\/wp-json\/wp\/v2\/types\/post"}],"author":[{"embeddable":true,"href":"https:\/\/www.actualidadadiario.com\/index.php\/wp-json\/wp\/v2\/users\/3"}],"replies":[{"embeddable":true,"href":"https:\/\/www.actualidadadiario.com\/index.php\/wp-json\/wp\/v2\/comments?post=2786"}],"version-history":[{"count":1,"href":"https:\/\/www.actualidadadiario.com\/index.php\/wp-json\/wp\/v2\/posts\/2786\/revisions"}],"predecessor-version":[{"id":2787,"href":"https:\/\/www.actualidadadiario.com\/index.php\/wp-json\/wp\/v2\/posts\/2786\/revisions\/2787"}],"wp:featuredmedia":[{"embeddable":true,"href":"https:\/\/www.actualidadadiario.com\/index.php\/wp-json\/wp\/v2\/media\/2374"}],"wp:attachment":[{"href":"https:\/\/www.actualidadadiario.com\/index.php\/wp-json\/wp\/v2\/media?parent=2786"}],"wp:term":[{"taxonomy":"category","embeddable":true,"href":"https:\/\/www.actualidadadiario.com\/index.php\/wp-json\/wp\/v2\/categories?post=2786"},{"taxonomy":"post_tag","embeddable":true,"href":"https:\/\/www.actualidadadiario.com\/index.php\/wp-json\/wp\/v2\/tags?post=2786"}],"curies":[{"name":"wp","href":"https:\/\/api.w.org\/{rel}","templated":true}]}}