{"id":2784,"date":"2016-10-18T09:33:35","date_gmt":"2016-10-18T12:33:35","guid":{"rendered":"http:\/\/actualidadadiario.com\/site\/?p=2784"},"modified":"2016-10-18T09:33:35","modified_gmt":"2016-10-18T12:33:35","slug":"antes-de-la-mesa-de-dialogo-macri-reclamo-prudencia-a-gremios-y-empresarios","status":"publish","type":"post","link":"https:\/\/www.actualidadadiario.com\/index.php\/2016\/10\/18\/antes-de-la-mesa-de-dialogo-macri-reclamo-prudencia-a-gremios-y-empresarios\/","title":{"rendered":"Antes de la mesa de di\u00e1logo, Macri reclam\u00f3 &#8220;prudencia&#8221; a gremios y empresarios"},"content":{"rendered":"<p><em><strong>El presidente Mauricio Macri solicit\u00f3 este martes al sector gremial &#8220;una actitud constructiva&#8221; para resolver los &#8220;obst\u00e1culos&#8221; y generar empleo, en el marco de la convocatoria al &#8220;Di\u00e1logo para la Producci\u00f3n y el Trabajo&#8221; que se realizar\u00e1 este mi\u00e9rcoles para seguir negociando los bonos de fin de a\u00f1o para los trabajadores activos<\/strong><\/em><\/p>\n<p>&nbsp;<\/p>\n<p>&nbsp;<\/p>\n<p>&nbsp;<\/p>\n<p>&nbsp;<\/p>\n<p>No obstante, el integrante del triunvirato de la CGT e integrante del bando &#8220;dialoguista&#8221;, H\u00e9ctor Daer, ahora advirti\u00f3 que &#8220;el bono&#8221; de fin de a\u00f1o que anunci\u00f3 el Gobierno para jubilados y beneficiarios de la AUH &#8220;es insuficiente&#8221;, pese a que la semana pasada hab\u00eda planteado que el ofrecimiento era &#8220;un paso adelante&#8221; en el marco de la negociaci\u00f3n.<\/p>\n<p>&nbsp;<\/p>\n<p>&#8220;Tengamos una actitud constructiva, inteligente, prudente para ir resolviendo cualquier obst\u00e1culo que tengamos&#8221;, afirm\u00f3 Macri en declaraciones a la prensa, al ser consultado sobre la nueva reuni\u00f3n entre el Gobierno y la CGT del pr\u00f3ximo mi\u00e9rcoles, a la que se sumar\u00e1n los representantes del sector empresario.<\/p>\n<p>&nbsp;<\/p>\n<p>As\u00ed lo afirm\u00f3 en declaraciones que formul\u00f3 a la prensa tras presidir en la Direcci\u00f3n Nacional de Emergencias Sanitarias (DINEA), en la calle Jer\u00f3nimo Salguero 3457, del barrio porte\u00f1o de Palermo, la entrega de 40 ambulancias donadas por la Naci\u00f3n a la provincia de Buenos Aires. &#8220;Hace cinco a\u00f1os que no se genera empleo en la Argentina y esperamos que se genere&#8221;, subray\u00f3 el mandatario.<\/p>\n<p>&nbsp;<\/p>\n<p>El Ejecutivo llegar\u00e1 a dicho encuentro con el anuncio de un bono de fin de a\u00f1o de 1.000 pesos para quienes perciben la jubilaci\u00f3n m\u00ednima y las Asignaciones Universal por Hijo (AUH), a fin de asistir a los sectores m\u00e1s vulnerables, como lo anunci\u00f3 en su momento el ministro de Trabajo, Jorge Triaca.<\/p>\n<p>&nbsp;<\/p>\n<p>Ante la disconformidad de algunos sectores de la central obrera que reclaman convocar al primer paro de la CGT contra el actual Gobierno, Macri solicit\u00f3 prudencia para sortear problemas y permitir &#8220;ir generando empleo&#8221;.<\/p>\n<p>&nbsp;<\/p>\n<p>Sin embargo, Daer y el exjefe de la CGT, Hugo Moyano, coincidieron este lunes en que el bono de 1.000 pesos para jubilados y AUH es &#8220;insuficiente&#8221; y volvieron as\u00ed a dejar latente la posibilidad de un paro, al realizar declaraciones a la prensa tras participar de un acto por el D\u00eda de la Lealtad peronista.<\/p>\n<p>&nbsp;<\/p>\n<p>Daer tambi\u00e9n apunt\u00f3 contra los empresarios: &#8220;Se esconden detr\u00e1s de bambalinas, ellos tienen que afrontar esta situaci\u00f3n poniendo plata. Si un sector a hecho un esfuerzo hasta ahora, ese es el de los trabajadores. Que aparezca el sector empresario para aportar al pa\u00eds&#8221;, pidi\u00f3.<\/p>\n<p>&nbsp;<\/p>\n<p>En la reuni\u00f3n de este mi\u00e9rcoles, la CGT negociar\u00e1 el bono para los trabajadores activos, para lo cual reclamar\u00e1 un piso -ser\u00eda de 2.000 pesos- &#8220;para que cada gremio discuta de acuerdo a c\u00f3mo est\u00e1 su sector&#8221;, adelant\u00f3 otro miembro del triunvirato, Carlos Acu\u00f1a.<\/p>\n<p>&nbsp;<\/p>\n<p>Al respecto, el vicepresidente de la UIA (Uni\u00f3n industrial Argentina), Daniel Funes de Rioja, advirti\u00f3 en declaraciones radiales que &#8220;el bono navide\u00f1o no es viable pol\u00edticamente ni sustentable&#8221;.<\/p>\n<p>&nbsp;<\/p>\n<p>Otro punto a resolver ser\u00e1 el del bono para el sector p\u00fablico, sobre lo que el ministro Triaca sostuvo que cada provincia se deber\u00eda ocupar de esa demanda seg\u00fan su propia situaci\u00f3n fiscal, pero algunos gobernadores ya adelantaron que no cuentan con fondos para eso.<\/p>\n<p>&nbsp;<\/p>\n<p>En este marco, circulaban versiones acerca de que el Ejecutivo podr\u00eda comprometerse a dar una compensaci\u00f3n de fin de a\u00f1o s\u00f3lo para los trabajadores de la administraci\u00f3n p\u00fablica nacional.<\/p>\n<p>&nbsp;<\/p>\n<p>Respecto a un eventual paro general, en caso de que fracasen las negociaciones, el barrionuevista Acu\u00f1a dijo este lunes que &#8220;no hay que descartar nada&#8221;, pero aclar\u00f3 que para adoptar esa medida deber\u00eda haber &#8220;consenso&#8221; entre la mayor\u00eda de los integrantes del Consejo Directivo de la central.<\/p>\n","protected":false},"excerpt":{"rendered":"<p>El presidente Mauricio Macri solicit\u00f3 este martes al sector gremial &#8220;una actitud constructiva&#8221; para resolver los &#8220;obst\u00e1culos&#8221; y generar empleo, en el marco de la convocatoria al &#8220;Di\u00e1logo para la Producci\u00f3n y el Trabajo&#8221; que se realizar\u00e1 este mi\u00e9rcoles para seguir negociando los bonos de fin de a\u00f1o para los trabajadores activos &nbsp; &nbsp; &nbsp; &nbsp; No obstante, el integrante del triunvirato de la CGT e integrante del bando &#8220;dialoguista&#8221;, H\u00e9ctor Daer, ahora advirti\u00f3 que &#8220;el bono&#8221; de fin de a\u00f1o que anunci\u00f3 el Gobierno para jubilados y beneficiarios de&#8230;<\/p>\n","protected":false},"author":3,"featured_media":1876,"comment_status":"closed","ping_status":"closed","sticky":false,"template":"","format":"standard","meta":[],"categories":[2],"tags":[],"_links":{"self":[{"href":"https:\/\/www.actualidadadiario.com\/index.php\/wp-json\/wp\/v2\/posts\/2784"}],"collection":[{"href":"https:\/\/www.actualidadadiario.com\/index.php\/wp-json\/wp\/v2\/posts"}],"about":[{"href":"https:\/\/www.actualidadadiario.com\/index.php\/wp-json\/wp\/v2\/types\/post"}],"author":[{"embeddable":true,"href":"https:\/\/www.actualidadadiario.com\/index.php\/wp-json\/wp\/v2\/users\/3"}],"replies":[{"embeddable":true,"href":"https:\/\/www.actualidadadiario.com\/index.php\/wp-json\/wp\/v2\/comments?post=2784"}],"version-history":[{"count":1,"href":"https:\/\/www.actualidadadiario.com\/index.php\/wp-json\/wp\/v2\/posts\/2784\/revisions"}],"predecessor-version":[{"id":2785,"href":"https:\/\/www.actualidadadiario.com\/index.php\/wp-json\/wp\/v2\/posts\/2784\/revisions\/2785"}],"wp:featuredmedia":[{"embeddable":true,"href":"https:\/\/www.actualidadadiario.com\/index.php\/wp-json\/wp\/v2\/media\/1876"}],"wp:attachment":[{"href":"https:\/\/www.actualidadadiario.com\/index.php\/wp-json\/wp\/v2\/media?parent=2784"}],"wp:term":[{"taxonomy":"category","embeddable":true,"href":"https:\/\/www.actualidadadiario.com\/index.php\/wp-json\/wp\/v2\/categories?post=2784"},{"taxonomy":"post_tag","embeddable":true,"href":"https:\/\/www.actualidadadiario.com\/index.php\/wp-json\/wp\/v2\/tags?post=2784"}],"curies":[{"name":"wp","href":"https:\/\/api.w.org\/{rel}","templated":true}]}}