{"id":2781,"date":"2016-10-18T09:32:08","date_gmt":"2016-10-18T12:32:08","guid":{"rendered":"http:\/\/actualidadadiario.com\/site\/?p=2781"},"modified":"2016-10-18T09:32:08","modified_gmt":"2016-10-18T12:32:08","slug":"el-endeudamiento-es-una-bomba-de-tiempo","status":"publish","type":"post","link":"https:\/\/www.actualidadadiario.com\/index.php\/2016\/10\/18\/el-endeudamiento-es-una-bomba-de-tiempo\/","title":{"rendered":"&#8220;El endeudamiento es una bomba de tiempo&#8221;"},"content":{"rendered":"<p><em><strong>La ex presidenta Cristina Kirchner cerr\u00f3 por videoconferencia el acto por el D\u00eda de la Lealtad del peronismo porte\u00f1o e insisti\u00f3 en la necesidad de construir un &#8220;gran frente nacional&#8221; que incorpore a todos los sectores que &#8220;est\u00e1n siendo agredidos&#8221; por las pol\u00edticas del Gobierno de Cambiemos<\/strong><\/em><\/p>\n<p>&nbsp;<\/p>\n<p>&nbsp;<\/p>\n<p>&nbsp;<\/p>\n<p>&nbsp;<\/p>\n<p>En su mensaje, la ex mandataria traz\u00f3 un duro diagn\u00f3stico sobre la situaci\u00f3n social y econ\u00f3mica del pa\u00eds: dijo que &#8220;se est\u00e1 generando una bomba de tiempo&#8221; con el endeudamiento y sostuvo que se registra &#8220;un franco deterioro de la situaci\u00f3n del pueblo&#8221; argentino.<\/p>\n<p>&nbsp;<\/p>\n<p>Advirti\u00f3 que transcurridos apenas meses del Gobierno de Mauricio Macri el endeudamiento ha sido &#8220;vertiginoso&#8221;, en valores cercanos a los 30 mil millones de d\u00f3lares, y agreg\u00f3 que tambi\u00e9n el Gobierno contrajo deuda en pesos con el agravante de que tiene como finalidad el sostenimiento de &#8220;gastos corrientes&#8221;.<\/p>\n<p>&nbsp;<\/p>\n<p>Tambi\u00e9n denunci\u00f3 que se hayan liberado los derechos de exportaci\u00f3n en los &#8220;sectores m\u00e1s primarios&#8221; como el agro y la miner\u00eda, que s\u00f3lo contribuyeron a &#8220;incrementar el d\u00e9ficit fiscal&#8221;.<\/p>\n<p>&nbsp;<\/p>\n<p>A modo de resumen, la exjefa de Estado evalu\u00f3 que &#8220;se ha dado vuelta la taba&#8221; y que se pas\u00f3 de un modelo basado en la &#8220;movilidad social ascendente&#8221; caracter\u00edstico del peronismo a uno con sentido inverso.<\/p>\n<p>&nbsp;<\/p>\n<p>&#8220;Hay una p\u00e9rdida de la calidad de vida de amplios sectores de la poblaci\u00f3n. A\u00fan aquellos que ten\u00edan un nivel de vida aceptable han tenido que modificar sus h\u00e1bitos de consumo. Esto no significa que hayamos vivido en Disneylandia, pero ning\u00fan argentino puede decir que el a\u00f1o pasado la mayor\u00eda estaba mejor que este a\u00f1o. Est\u00e1bamos mejor que este a\u00f1o, salvo los sectores a los que le sacaron las retenciones&#8221;, compar\u00f3.<\/p>\n<p>&nbsp;<\/p>\n<p>Pese a presentar este diagn\u00f3stico, Cristina Kirchner destac\u00f3 que &#8220;lejos de desanimar&#8221;, esta realidad debe impulsar a la militancia a &#8220;redoblar el compromiso&#8221; para llevar adelante la &#8220;concientizaci\u00f3n popular necesaria de lo que debe ser la construcci\u00f3n de un frente popular y una nueva mayor\u00eda que no alcanza con los peronistas, con los kirchneristas que no son peronistas ni con los amigos radicales&#8221;.<\/p>\n<p>&nbsp;<\/p>\n<p>Pese a insistir en la necesidad de persuadir y de ser amplios en la construcci\u00f3n pol\u00edtica, reconoci\u00f3 que existe un sector de la sociedad que &#8220;tiene negacionismo&#8221; sobre los avances registrados durante los gobiernos kirchenristas.<\/p>\n<p>&nbsp;<\/p>\n<p>&#8220;Hay sectores de la sociedad que tienen negacionismo. Tambi\u00e9n los ten\u00edan durante la dictadura y luego de finalizada \u00e9sta, pese a que se mostraba lo que hab\u00eda sido el genocidio&#8221;, reflexion\u00f3 durante su presentaci\u00f3n, que fue seguida por el presidente del PJ porte\u00f1o, V\u00edctor Santa Mar\u00eda, y los dirigentes Jorge Taiana, Daniel Filmus, Eduardo Vald\u00e9s, Roberto Feletti, Axel Kicillof, Pablo Ferreyra y Andr\u00e9s &#8220;Cuervo&#8221; Larroque.<\/p>\n<p>&nbsp;<\/p>\n<p>&nbsp;<\/p>\n<p>&nbsp;<\/p>\n<p>&nbsp;<\/p>\n<p>&nbsp;<\/p>\n<p><strong>Frente nacional<\/strong><\/p>\n<p>&#8220;Tenemos que construir un gran frente nacional donde incorporemos a todos aquellos sectores que est\u00e1n siendo agredidos por estas pol\u00edticas&#8221;, areng\u00f3 la l\u00edder del Frente para la Victoria en vivo desde El Calafate, en un mensaje dirigido a los presentes en el acto organizado por el PJ porte\u00f1o, el Movimiento Evita y la Corriente Nacional de la Militancia, que tuvo lugar en el teatro SHA (Sarmiento 2255) de esta capital.<\/p>\n<p>&nbsp;<\/p>\n<p>&#8220;Se que hay much\u00edsimos actos hoy en distintas partes del pa\u00eds. Eso en los medios lo presentan como divisi\u00f3n del peronismo. No se preocupen que cuando llegue el momento de la verdad, seguramente la unidad va a primar por sobre todas las diferencias, porque la inteligencia debe primar por sobre todas las cosas&#8221;, recalc\u00f3 al tomar la palabra luego de los discursos del excanciller Jorge Taiana, el exministro de Educaci\u00f3n Daniel Filmus y el presidente del PJ porte\u00f1o, V\u00edctor Santa Mar\u00eda.<\/p>\n<p>&nbsp;<\/p>\n<p>La intervenci\u00f3n de la l\u00edder del Frente para la Victoria fue una se\u00f1al de recomposici\u00f3n del v\u00ednculo con un sector del peronismo que hab\u00eda sido parte del entorno de su Gobierno pero que fue tomando distancia a medida que la exjefa de Estado se fue cerrando en su c\u00edrculo m\u00e1s estrecho.<\/p>\n<p>&nbsp;<\/p>\n<p>Este fue el caso del Movimiento Evita, que tras desempe\u00f1ar un papel protag\u00f3nico como base militante del Gobierno de N\u00e9stor Kirchner, fue desplazada por La C\u00e1mpora de ese rol, y tras la finalizaci\u00f3n del gobierno kirchnerista los diputados de ese espacio pol\u00edtico comunicaron su alejamiento del bloque del Frente para la Victoria.<\/p>\n","protected":false},"excerpt":{"rendered":"<p>La ex presidenta Cristina Kirchner cerr\u00f3 por videoconferencia el acto por el D\u00eda de la Lealtad del peronismo porte\u00f1o e insisti\u00f3 en la necesidad de construir un &#8220;gran frente nacional&#8221; que incorpore a todos los sectores que &#8220;est\u00e1n siendo agredidos&#8221; por las pol\u00edticas del Gobierno de Cambiemos &nbsp; &nbsp; &nbsp; &nbsp; En su mensaje, la ex mandataria traz\u00f3 un duro diagn\u00f3stico sobre la situaci\u00f3n social y econ\u00f3mica del pa\u00eds: dijo que &#8220;se est\u00e1 generando una bomba de tiempo&#8221; con el endeudamiento y sostuvo que se registra &#8220;un franco deterioro de&#8230;<\/p>\n","protected":false},"author":3,"featured_media":2782,"comment_status":"closed","ping_status":"closed","sticky":false,"template":"","format":"standard","meta":[],"categories":[9],"tags":[],"_links":{"self":[{"href":"https:\/\/www.actualidadadiario.com\/index.php\/wp-json\/wp\/v2\/posts\/2781"}],"collection":[{"href":"https:\/\/www.actualidadadiario.com\/index.php\/wp-json\/wp\/v2\/posts"}],"about":[{"href":"https:\/\/www.actualidadadiario.com\/index.php\/wp-json\/wp\/v2\/types\/post"}],"author":[{"embeddable":true,"href":"https:\/\/www.actualidadadiario.com\/index.php\/wp-json\/wp\/v2\/users\/3"}],"replies":[{"embeddable":true,"href":"https:\/\/www.actualidadadiario.com\/index.php\/wp-json\/wp\/v2\/comments?post=2781"}],"version-history":[{"count":1,"href":"https:\/\/www.actualidadadiario.com\/index.php\/wp-json\/wp\/v2\/posts\/2781\/revisions"}],"predecessor-version":[{"id":2783,"href":"https:\/\/www.actualidadadiario.com\/index.php\/wp-json\/wp\/v2\/posts\/2781\/revisions\/2783"}],"wp:featuredmedia":[{"embeddable":true,"href":"https:\/\/www.actualidadadiario.com\/index.php\/wp-json\/wp\/v2\/media\/2782"}],"wp:attachment":[{"href":"https:\/\/www.actualidadadiario.com\/index.php\/wp-json\/wp\/v2\/media?parent=2781"}],"wp:term":[{"taxonomy":"category","embeddable":true,"href":"https:\/\/www.actualidadadiario.com\/index.php\/wp-json\/wp\/v2\/categories?post=2781"},{"taxonomy":"post_tag","embeddable":true,"href":"https:\/\/www.actualidadadiario.com\/index.php\/wp-json\/wp\/v2\/tags?post=2781"}],"curies":[{"name":"wp","href":"https:\/\/api.w.org\/{rel}","templated":true}]}}