{"id":2778,"date":"2016-10-18T09:30:57","date_gmt":"2016-10-18T12:30:57","guid":{"rendered":"http:\/\/actualidadadiario.com\/site\/?p=2778"},"modified":"2016-10-18T09:30:57","modified_gmt":"2016-10-18T12:30:57","slug":"bancarios-reiteran-protesta-y-atenderan-con-horario-reducido","status":"publish","type":"post","link":"https:\/\/www.actualidadadiario.com\/index.php\/2016\/10\/18\/bancarios-reiteran-protesta-y-atenderan-con-horario-reducido\/","title":{"rendered":"Bancarios reiteran protesta y atender\u00e1n con horario reducido"},"content":{"rendered":"<p><em><strong>Los bancos volver\u00e1n a atender este martes y mi\u00e9rcoles con horario reducido en todo el pa\u00eds ya que los empleados del sector realizar\u00e1n asambleas durante las \u00faltimas tres horas de atenci\u00f3n al p\u00fablico para continuar con el pedido de la reapertura de paritarias y mejoras salariales<\/strong><\/em><\/p>\n<p>&nbsp;<\/p>\n<p>&nbsp;<\/p>\n<p>&nbsp;<\/p>\n<p>&nbsp;<\/p>\n<p>&nbsp;<\/p>\n<p>&nbsp;<\/p>\n<p>La huelga parcial, que ya se concret\u00f3 en dos oportunidades durante las \u00faltimas semanas, se llevar\u00e1 a cabo de cara al paro general anunciado para el 28 de este mes, en el caso de no recibir una respuesta de los empresarios.<\/p>\n<p>&nbsp;<\/p>\n<p>La Asociaci\u00f3n Bancaria argument\u00f3: &#8220;Nuestro acuerdo salarial de este a\u00f1o dice que si las variaciones econ\u00f3micas son importantes, cualquiera de las partes puede pedir la reapertura de paritarias&#8221;.<\/p>\n<p>&nbsp;<\/p>\n<p>&#8220;La ley 14.250 y el acuerdo salarial para la actividad financiera establecen claramente que a pedido de una de las partes debe ser convocada la paritaria&#8221;, enfatiz\u00f3, mediante un comunicado e insisti\u00f3: &#8220;El Gobierno y los bancos deben cumplir la ley, garantizando esa instancia de di\u00e1logo institucional y tripartito&#8221;.<\/p>\n<p>&nbsp;<\/p>\n<p>En ese sentido, el secretario general del gremio, Sergio Palazzo, consider\u00f3: &#8220;La inflaci\u00f3n ha superado nuestro acuerdo salarial&#8221;, y, de ese modo, argument\u00f3: &#8220;Pedimos la reapertura de paritarias por la v\u00eda formal, pero todav\u00eda no fuimos convocados&#8221;.<\/p>\n<p>&nbsp;<\/p>\n<p>El sindicato, en primera instancia, hab\u00eda parado por dos horas, pero a principios de octubre decidieron extender la medida de fuerza y concretarla de 12:00 a 15:00 ante el rechazo de las c\u00e1maras respecto de reabrir la discusi\u00f3n salarial.<\/p>\n<p>&nbsp;<\/p>\n<p>El gremio dirigido por Sergio Palazzo reclama tambi\u00e9n por &#8220;el cese de cualquier despido sin causa justa, la derogaci\u00f3n del impuesto al salario, la suspensi\u00f3n de las disposiciones desregulatorias del Banco Central y las acciones de desbancarizaci\u00f3n de la actividad financiera&#8221;.<\/p>\n<p>&nbsp;<\/p>\n<p>Se\u00f1al\u00f3, adem\u00e1s, que las medidas son en &#8220;defensa del trabajo y la producci\u00f3n nacional y de la banca p\u00fablica&#8221;.<\/p>\n","protected":false},"excerpt":{"rendered":"<p>Los bancos volver\u00e1n a atender este martes y mi\u00e9rcoles con horario reducido en todo el pa\u00eds ya que los empleados del sector realizar\u00e1n asambleas durante las \u00faltimas tres horas de atenci\u00f3n al p\u00fablico para continuar con el pedido de la reapertura de paritarias y mejoras salariales &nbsp; &nbsp; &nbsp; &nbsp; &nbsp; &nbsp; La huelga parcial, que ya se concret\u00f3 en dos oportunidades durante las \u00faltimas semanas, se llevar\u00e1 a cabo de cara al paro general anunciado para el 28 de este mes, en el caso de no recibir una respuesta&#8230;<\/p>\n","protected":false},"author":3,"featured_media":2779,"comment_status":"closed","ping_status":"closed","sticky":false,"template":"","format":"standard","meta":[],"categories":[18],"tags":[],"_links":{"self":[{"href":"https:\/\/www.actualidadadiario.com\/index.php\/wp-json\/wp\/v2\/posts\/2778"}],"collection":[{"href":"https:\/\/www.actualidadadiario.com\/index.php\/wp-json\/wp\/v2\/posts"}],"about":[{"href":"https:\/\/www.actualidadadiario.com\/index.php\/wp-json\/wp\/v2\/types\/post"}],"author":[{"embeddable":true,"href":"https:\/\/www.actualidadadiario.com\/index.php\/wp-json\/wp\/v2\/users\/3"}],"replies":[{"embeddable":true,"href":"https:\/\/www.actualidadadiario.com\/index.php\/wp-json\/wp\/v2\/comments?post=2778"}],"version-history":[{"count":1,"href":"https:\/\/www.actualidadadiario.com\/index.php\/wp-json\/wp\/v2\/posts\/2778\/revisions"}],"predecessor-version":[{"id":2780,"href":"https:\/\/www.actualidadadiario.com\/index.php\/wp-json\/wp\/v2\/posts\/2778\/revisions\/2780"}],"wp:featuredmedia":[{"embeddable":true,"href":"https:\/\/www.actualidadadiario.com\/index.php\/wp-json\/wp\/v2\/media\/2779"}],"wp:attachment":[{"href":"https:\/\/www.actualidadadiario.com\/index.php\/wp-json\/wp\/v2\/media?parent=2778"}],"wp:term":[{"taxonomy":"category","embeddable":true,"href":"https:\/\/www.actualidadadiario.com\/index.php\/wp-json\/wp\/v2\/categories?post=2778"},{"taxonomy":"post_tag","embeddable":true,"href":"https:\/\/www.actualidadadiario.com\/index.php\/wp-json\/wp\/v2\/tags?post=2778"}],"curies":[{"name":"wp","href":"https:\/\/api.w.org\/{rel}","templated":true}]}}