{"id":2775,"date":"2016-10-18T09:30:06","date_gmt":"2016-10-18T12:30:06","guid":{"rendered":"http:\/\/actualidadadiario.com\/site\/?p=2775"},"modified":"2016-10-18T09:30:06","modified_gmt":"2016-10-18T12:30:06","slug":"en-medio-de-criticas-evaluan-hoy-a-14-millon-de-alumnos","status":"publish","type":"post","link":"https:\/\/www.actualidadadiario.com\/index.php\/2016\/10\/18\/en-medio-de-criticas-evaluan-hoy-a-14-millon-de-alumnos\/","title":{"rendered":"En medio de cr\u00edticas, eval\u00faan hoy a 1,4 mill\u00f3n de alumnos"},"content":{"rendered":"<p><em><strong>Paros en provincias amenazan con hacer naufragar el operativo. Protesta nacional de Ctera para hoy y ma\u00f1ana<\/strong><\/em><\/p>\n<p>&nbsp;<\/p>\n<p>&nbsp;<\/p>\n<p>&nbsp;<\/p>\n<p>En medio de fuertes cr\u00edticas de gremios docentes que incluso tomar\u00e1n la forma de paros en algunas provincias, el Gobierno de Mauricio Macri evaluar\u00e1 entre hoy y ma\u00f1ana a 1.400.000 alumnos de 31 mil escuelas p\u00fablicas y privadas de todo el pa\u00eds, con el fin de mejorar la calidad de la ense\u00f1anza.<\/p>\n<p>&nbsp;<\/p>\n<p>Se trata de la evaluaci\u00f3n nacional &#8220;Aprender 2016&#8221;, iniciativa elaborada por la Secretar\u00eda de Evaluaci\u00f3n del Ministerio de Educaci\u00f3n y Deportes, que conduce Esteban Bullrich.<\/p>\n<p>&nbsp;<\/p>\n<p>La estrategia fue consensuada en el marco del Consejo Federal de Educaci\u00f3n, que re\u00fane a los ministros del \u00e1rea provinciales.<\/p>\n<p>&nbsp;<\/p>\n<p>Pero la medida es duramente cuestionada por los sindicatos docentes nacionales y locales, que denuncian la supuesta intenci\u00f3n oficial de generar un &#8220;ranking de escuelas&#8221; con objetivos &#8220;punitivos&#8221; sobre establecimientos y docentes. Tambi\u00e9n advierten que los gremios no fueron consultado y que, al ser estandarizada, no refleja el contexto de escuelas y alumnos, entre otros ejes.<\/p>\n<p>&nbsp;<\/p>\n<p>El malestar tomar\u00e1 la forma de jornadas de protesta nacional -por caso, la alentada desde Ctera para hoy y ma\u00f1ana- y de huelgas en algunas provincias, como en Santa Cruz, Neuqu\u00e9n, R\u00edo Negro (no se descartaba ayer una suspensi\u00f3n del operativo) y Tierra del Fuego.<\/p>\n<p>&nbsp;<\/p>\n<p>Ayer Macri sali\u00f3 a defender p\u00fablicamente la evaluaci\u00f3n. &#8220;Ser\u00e1 un d\u00eda hist\u00f3rico&#8221;, areng\u00f3, adem\u00e1s de remarcar que la intenci\u00f3n es &#8220;saber cu\u00e1l es el punto de partida en la educaci\u00f3n p\u00fablica sin enga\u00f1arnos, y desde ah\u00ed qu\u00e9 capacitaci\u00f3n necesitan los docentes&#8221;.<\/p>\n<p>&nbsp;<\/p>\n<p>Por eso pidi\u00f3 &#8220;colaboraci\u00f3n&#8221; de &#8220;padres, gremios, docentes y gobiernos&#8221;. &#8220;Si no sabemos la verdad no vamos a poder construir las soluciones&#8221;, enfatiz\u00f3.<\/p>\n<p>&nbsp;<\/p>\n<p>En sinton\u00eda, frente a las cr\u00edticas de los gremios Bullrich consider\u00f3 que &#8220;es una pena esta postura&#8221; porque &#8220;es como enojarse con una radiograf\u00eda porque el hueso est\u00e1 quebrado&#8221;.<\/p>\n<p>&nbsp;<\/p>\n<p>&#8220;Quieren promover un prejuicio con el miedo de que vamos a realizar un ranking o que vamos a tomar datos, pero lo que queremos es tener informaci\u00f3n para tomar mejores decisiones&#8221;, destac\u00f3.<\/p>\n<p>&nbsp;<\/p>\n<p>&nbsp;<\/p>\n<p>&nbsp;<\/p>\n<p><strong>Niveles<\/strong><\/p>\n<p>Tambi\u00e9n desterr\u00f3 la idea de que la escuela que tenga alumnos con bajos niveles de aprendizaje ser\u00e1 sancionada. &#8220;Al contrario: iremos con todos los equipos del ministerio para ayudarla&#8221;, afirm\u00f3.<\/p>\n<p>&nbsp;<\/p>\n<p>La evaluaci\u00f3n nacional &#8220;Aprender&#8221; ser\u00e1 implementada entre hoy y ma\u00f1ana en todo el pa\u00eds y alcanzar\u00e1 a cerca de 1.400.000 alumnos de 31 mil escuelas p\u00fablicas y privadas (840.028 del nivel primario y 518.456 del secundario).<\/p>\n<p>&nbsp;<\/p>\n<p>La prueba evaluar\u00e1 el desempe\u00f1o de los alumnos en las materias b\u00e1sicas, adem\u00e1s de reunir informaci\u00f3n sobre c\u00f3mo se trabaja en la escuela (ver infograf\u00eda). Los estudiantes que no participen no tendr\u00e1n clase en buena parte de los distritos, aunque por caso en Chaco no ser\u00e1n suspendidas, lo mismo que en muchos colegios privados. Los resultados se conocer\u00e1n a partir del primer trimestre del ciclo lectivo 2017, con anonimato de estudiantes y escuelas,<\/p>\n<p>&nbsp;<\/p>\n<p>En las \u00faltimas horas, docentes y estudiantes reiteraron sus cr\u00edticas a la evaluaci\u00f3n. Por caso, el secretario general de la Uni\u00f3n Docentes Argentinos (UDA), Sergio Romero, advirti\u00f3 que &#8220;abre las puertas a sistemas que castigar\u00e1n a las escuelas que resulten desfavorecidas en los resultados, perjudicando as\u00ed a los establecimientos que cuentan con menores recursos o atienden las situaciones m\u00e1s complejas&#8221;.<\/p>\n<p>&nbsp;<\/p>\n<p>Por de pronto, intervendr\u00e1n en la evaluaci\u00f3n 31.365 veedores (directivos), 71.606 aplicadores (docentes presentes en las aulas), 600 coordinadores, 70 personas de apoyo en grandes provincias y 48 en las unidades de evaluaci\u00f3n.<\/p>\n","protected":false},"excerpt":{"rendered":"<p>Paros en provincias amenazan con hacer naufragar el operativo. Protesta nacional de Ctera para hoy y ma\u00f1ana &nbsp; &nbsp; &nbsp; En medio de fuertes cr\u00edticas de gremios docentes que incluso tomar\u00e1n la forma de paros en algunas provincias, el Gobierno de Mauricio Macri evaluar\u00e1 entre hoy y ma\u00f1ana a 1.400.000 alumnos de 31 mil escuelas p\u00fablicas y privadas de todo el pa\u00eds, con el fin de mejorar la calidad de la ense\u00f1anza. &nbsp; Se trata de la evaluaci\u00f3n nacional &#8220;Aprender 2016&#8221;, iniciativa elaborada por la Secretar\u00eda de Evaluaci\u00f3n del Ministerio&#8230;<\/p>\n","protected":false},"author":3,"featured_media":2776,"comment_status":"closed","ping_status":"closed","sticky":false,"template":"","format":"standard","meta":[],"categories":[9],"tags":[],"_links":{"self":[{"href":"https:\/\/www.actualidadadiario.com\/index.php\/wp-json\/wp\/v2\/posts\/2775"}],"collection":[{"href":"https:\/\/www.actualidadadiario.com\/index.php\/wp-json\/wp\/v2\/posts"}],"about":[{"href":"https:\/\/www.actualidadadiario.com\/index.php\/wp-json\/wp\/v2\/types\/post"}],"author":[{"embeddable":true,"href":"https:\/\/www.actualidadadiario.com\/index.php\/wp-json\/wp\/v2\/users\/3"}],"replies":[{"embeddable":true,"href":"https:\/\/www.actualidadadiario.com\/index.php\/wp-json\/wp\/v2\/comments?post=2775"}],"version-history":[{"count":1,"href":"https:\/\/www.actualidadadiario.com\/index.php\/wp-json\/wp\/v2\/posts\/2775\/revisions"}],"predecessor-version":[{"id":2777,"href":"https:\/\/www.actualidadadiario.com\/index.php\/wp-json\/wp\/v2\/posts\/2775\/revisions\/2777"}],"wp:featuredmedia":[{"embeddable":true,"href":"https:\/\/www.actualidadadiario.com\/index.php\/wp-json\/wp\/v2\/media\/2776"}],"wp:attachment":[{"href":"https:\/\/www.actualidadadiario.com\/index.php\/wp-json\/wp\/v2\/media?parent=2775"}],"wp:term":[{"taxonomy":"category","embeddable":true,"href":"https:\/\/www.actualidadadiario.com\/index.php\/wp-json\/wp\/v2\/categories?post=2775"},{"taxonomy":"post_tag","embeddable":true,"href":"https:\/\/www.actualidadadiario.com\/index.php\/wp-json\/wp\/v2\/tags?post=2775"}],"curies":[{"name":"wp","href":"https:\/\/api.w.org\/{rel}","templated":true}]}}