{"id":2772,"date":"2016-10-17T09:51:57","date_gmt":"2016-10-17T12:51:57","guid":{"rendered":"http:\/\/actualidadadiario.com\/site\/?p=2772"},"modified":"2016-10-17T09:51:57","modified_gmt":"2016-10-17T12:51:57","slug":"el-consejo-federal-de-zonas-francas-designo-nuevas-autoridades","status":"publish","type":"post","link":"https:\/\/www.actualidadadiario.com\/index.php\/2016\/10\/17\/el-consejo-federal-de-zonas-francas-designo-nuevas-autoridades\/","title":{"rendered":"El Consejo Federal de Zonas Francas design\u00f3 nuevas autoridades"},"content":{"rendered":"<p><em><strong>La provincia de Entre R\u00edos estuvo representada por el administrador del Instituto de Zona Franca de Concepci\u00f3n del Uruguay (ZFCU), Jorge Alberto Gay, en la reuni\u00f3n del Consejo Federal de Zonas Francas que se realiz\u00f3 en la Casa de San Luis, en Buenos Aires, y tuvo como objetivo defender y promocionar el r\u00e9gimen de zonas francas, ante las entidades privadas, oficiales, nacionales e internacionales<\/strong><\/em><\/p>\n<p>&nbsp;<\/p>\n<p>&nbsp;<\/p>\n<p>&nbsp;<\/p>\n<p>&nbsp;<\/p>\n<p>&nbsp;<\/p>\n<p>El funcionario del organismo dependiente del Ministerio de Producci\u00f3n destac\u00f3 que durante el encuentro \u201cse analizaron estrategias para el desarrollo y fortalecimiento de los sectores econ\u00f3micos nacionales, regionales e internacionales y la promoci\u00f3n de las zonas francas instaladas en el pa\u00eds\u201d.<\/p>\n<p>El titular de la ZFCU coment\u00f3 que en el encuentro \u201ccada integrante realiz\u00f3 una breve rese\u00f1a de la forma en que se constituyeron las zonas francas representadas\u201d. La reuni\u00f3n se desarroll\u00f3 con la moderaci\u00f3n del asesor de la Zona Franca de San Luis, Rub\u00e9n Moreno, con la menci\u00f3n de la continuidad del trabajo en conjunto que inici\u00f3 el 22 de junio en Potrero de los Funes, en el encuentro de zonas franca del pa\u00eds.<\/p>\n<p>Luego se present\u00f3 la propuesta del logo del Consejo con sus explicaciones y del dise\u00f1o de la nueva p\u00e1gina institucional, ambos elaborados por la provincia de San Luis, para servir como nexo e interactuar entre los diversos actores, y se hizo la presentaci\u00f3n preliminar de lo que ser\u00eda el Digesto de Zonas Francas Argentinas.<\/p>\n<p>Finalmente, informaron que volver\u00e1n a reunirse en noviembre para presentar nuevos proyectos en conjunto, an\u00e1lisis y monitoreo del tratamiento legislativo para la modificaci\u00f3n de la Ley N\u00ba 24.331, la conformaci\u00f3n de las comisiones de trabajo y los mecanismos para la puesta en funcionamiento de la Decisi\u00f3n 33\/2015 del Mercosur, entre otros.<\/p>\n<p>En virtud de las convocatorias y trabajo desarrollado desde inicios del a\u00f1o, los representantes designaron a Graciela Corval\u00e1n a cargo de la presidencia, quien acept\u00f3 la designaci\u00f3n y agradeci\u00f3 la confianza, comprometi\u00e9ndose a trabajar en conjunto con todos los delegados.<\/p>\n<p>Asistieron por el gobierno de La Pampa, la directora de Relaciones Institucionales del Comit\u00e9 de Vigilancia Zona Franca del Ministerio de Producci\u00f3n, Alejandra Alonso; por Entre R\u00edos, el administrador del Instituto de Zona Franca, Jorge Alberto Gay; por Santa Fe, el presidente del directorio de Zona Franca, Horacio Rub\u00e9n Cucchiari; el director de Industria y Producci\u00f3n, N\u00e9stor de los Santos, y el subdirector de Asuntos Jur\u00eddicos y Despacho, Hugo Domingo; por la Ciudad de Buenos Aires, el presidente del Ente Zona Franca Bah\u00eda Blanca \u2013 Coronel Rosales, Lisandro Ganuza Bollati, y el director del EZFBBCR, Gustavo Bellozas; por la provincia de Buenos Aires, el director provincial de Zonas Francas, Juan Carlos Chalde; y por Chubut, el presidente del Comit\u00e9 de Promoci\u00f3n y Vigilancia de la Zona Franca de Comodoro Rivadavia, Daniel Di Giusto.<\/p>\n<p>&nbsp;<\/p>\n<p>&nbsp;<\/p>\n<p>&nbsp;<\/p>\n<p><strong>La estructura organizativa qued\u00f3 del siguiente modo:<\/strong><br \/>\nPresidente: Graciela Corval\u00e1n (Zona Franca Justo Daract).<br \/>\nVicepresidente: Juan Carlos Chalde (Zona Franca de Buenos Aires-La Plata).<br \/>\nVicepresidente primero: Daniel Di Giusto (Zona Franca Chubut-Comodoro Rivadavia).<br \/>\nVicepresidente segundo: Lisandro Ganuza (Zona Franca Bah\u00eda Blanca \u2013 Coronel Rosales).<br \/>\nSecretario: Jorge Alberto Gay (Zona Franca de Entre R\u00edos \u2013 Concepci\u00f3n del Uruguay).<br \/>\nTesorero: Gustavo Bellozas (Zona Franca Bah\u00eda Blanca \u2013 Coronel Rosales).<br \/>\nVocal primero: Zona Franca Santafesina (a confirmar representante).<br \/>\nVocal segundo: Zona Franca La Pampa (a confirmar representante).<\/p>\n","protected":false},"excerpt":{"rendered":"<p>La provincia de Entre R\u00edos estuvo representada por el administrador del Instituto de Zona Franca de Concepci\u00f3n del Uruguay (ZFCU), Jorge Alberto Gay, en la reuni\u00f3n del Consejo Federal de Zonas Francas que se realiz\u00f3 en la Casa de San Luis, en Buenos Aires, y tuvo como objetivo defender y promocionar el r\u00e9gimen de zonas francas, ante las entidades privadas, oficiales, nacionales e internacionales &nbsp; &nbsp; &nbsp; &nbsp; &nbsp; El funcionario del organismo dependiente del Ministerio de Producci\u00f3n destac\u00f3 que durante el encuentro \u201cse analizaron estrategias para el desarrollo y&#8230;<\/p>\n","protected":false},"author":3,"featured_media":2773,"comment_status":"closed","ping_status":"closed","sticky":false,"template":"","format":"standard","meta":[],"categories":[15],"tags":[],"_links":{"self":[{"href":"https:\/\/www.actualidadadiario.com\/index.php\/wp-json\/wp\/v2\/posts\/2772"}],"collection":[{"href":"https:\/\/www.actualidadadiario.com\/index.php\/wp-json\/wp\/v2\/posts"}],"about":[{"href":"https:\/\/www.actualidadadiario.com\/index.php\/wp-json\/wp\/v2\/types\/post"}],"author":[{"embeddable":true,"href":"https:\/\/www.actualidadadiario.com\/index.php\/wp-json\/wp\/v2\/users\/3"}],"replies":[{"embeddable":true,"href":"https:\/\/www.actualidadadiario.com\/index.php\/wp-json\/wp\/v2\/comments?post=2772"}],"version-history":[{"count":1,"href":"https:\/\/www.actualidadadiario.com\/index.php\/wp-json\/wp\/v2\/posts\/2772\/revisions"}],"predecessor-version":[{"id":2774,"href":"https:\/\/www.actualidadadiario.com\/index.php\/wp-json\/wp\/v2\/posts\/2772\/revisions\/2774"}],"wp:featuredmedia":[{"embeddable":true,"href":"https:\/\/www.actualidadadiario.com\/index.php\/wp-json\/wp\/v2\/media\/2773"}],"wp:attachment":[{"href":"https:\/\/www.actualidadadiario.com\/index.php\/wp-json\/wp\/v2\/media?parent=2772"}],"wp:term":[{"taxonomy":"category","embeddable":true,"href":"https:\/\/www.actualidadadiario.com\/index.php\/wp-json\/wp\/v2\/categories?post=2772"},{"taxonomy":"post_tag","embeddable":true,"href":"https:\/\/www.actualidadadiario.com\/index.php\/wp-json\/wp\/v2\/tags?post=2772"}],"curies":[{"name":"wp","href":"https:\/\/api.w.org\/{rel}","templated":true}]}}