{"id":2766,"date":"2016-10-17T09:38:23","date_gmt":"2016-10-17T12:38:23","guid":{"rendered":"http:\/\/actualidadadiario.com\/site\/?p=2766"},"modified":"2016-10-17T09:38:23","modified_gmt":"2016-10-17T12:38:23","slug":"renovado-alerta-por-tormentas-fuertes-en-entre-rios","status":"publish","type":"post","link":"https:\/\/www.actualidadadiario.com\/index.php\/2016\/10\/17\/renovado-alerta-por-tormentas-fuertes-en-entre-rios\/","title":{"rendered":"Renovado alerta por &#8220;tormentas fuertes&#8221; en Entre R\u00edos"},"content":{"rendered":"<p><em><strong>La inestabilidad en el clima contin\u00faa. El Servicio Meteorol\u00f3gico Nacional prev\u00e9 &#8220;tormentas fuertes&#8221;, que podr\u00edan estar acompa\u00f1adas de &#8220;abundante ca\u00edda de agua&#8221;, &#8220;viento&#8221; y &#8220;granizo&#8221;<\/strong><\/em><\/p>\n<p>&nbsp;<\/p>\n<p>&nbsp;<\/p>\n<p>&nbsp;<\/p>\n<p>&nbsp;<\/p>\n<p>El nuevo alerta fue emitido este lunes a las 4 de la madrugada y la zona de cobertura abarca al este de Chaco, Corrientes, centro y norte de Entre R\u00edos, centro y norte de Santa Fe y el sudeste de Santiago del Estero.<\/p>\n<p>&#8220;\u00c1reas de lluvias y tormentas de variada intensidad afectan al \u00e1rea de cobertura&#8221;, explica el SMN. &#8220;Se espera que algunas de estas sean localmente fuertes con abundante ca\u00edda de agua, r\u00e1fagas de viento y ocasional ca\u00edda de granizo. Las condiciones persistir\u00e1n hasta el mi\u00e9rcoles 19 con mejoramientos temporarios&#8221;.<\/p>\n","protected":false},"excerpt":{"rendered":"<p>La inestabilidad en el clima contin\u00faa. El Servicio Meteorol\u00f3gico Nacional prev\u00e9 &#8220;tormentas fuertes&#8221;, que podr\u00edan estar acompa\u00f1adas de &#8220;abundante ca\u00edda de agua&#8221;, &#8220;viento&#8221; y &#8220;granizo&#8221; &nbsp; &nbsp; &nbsp; &nbsp; El nuevo alerta fue emitido este lunes a las 4 de la madrugada y la zona de cobertura abarca al este de Chaco, Corrientes, centro y norte de Entre R\u00edos, centro y norte de Santa Fe y el sudeste de Santiago del Estero. &#8220;\u00c1reas de lluvias y tormentas de variada intensidad afectan al \u00e1rea de cobertura&#8221;, explica el SMN. &#8220;Se espera&#8230;<\/p>\n","protected":false},"author":3,"featured_media":2767,"comment_status":"closed","ping_status":"closed","sticky":false,"template":"","format":"standard","meta":[],"categories":[15],"tags":[],"_links":{"self":[{"href":"https:\/\/www.actualidadadiario.com\/index.php\/wp-json\/wp\/v2\/posts\/2766"}],"collection":[{"href":"https:\/\/www.actualidadadiario.com\/index.php\/wp-json\/wp\/v2\/posts"}],"about":[{"href":"https:\/\/www.actualidadadiario.com\/index.php\/wp-json\/wp\/v2\/types\/post"}],"author":[{"embeddable":true,"href":"https:\/\/www.actualidadadiario.com\/index.php\/wp-json\/wp\/v2\/users\/3"}],"replies":[{"embeddable":true,"href":"https:\/\/www.actualidadadiario.com\/index.php\/wp-json\/wp\/v2\/comments?post=2766"}],"version-history":[{"count":1,"href":"https:\/\/www.actualidadadiario.com\/index.php\/wp-json\/wp\/v2\/posts\/2766\/revisions"}],"predecessor-version":[{"id":2768,"href":"https:\/\/www.actualidadadiario.com\/index.php\/wp-json\/wp\/v2\/posts\/2766\/revisions\/2768"}],"wp:featuredmedia":[{"embeddable":true,"href":"https:\/\/www.actualidadadiario.com\/index.php\/wp-json\/wp\/v2\/media\/2767"}],"wp:attachment":[{"href":"https:\/\/www.actualidadadiario.com\/index.php\/wp-json\/wp\/v2\/media?parent=2766"}],"wp:term":[{"taxonomy":"category","embeddable":true,"href":"https:\/\/www.actualidadadiario.com\/index.php\/wp-json\/wp\/v2\/categories?post=2766"},{"taxonomy":"post_tag","embeddable":true,"href":"https:\/\/www.actualidadadiario.com\/index.php\/wp-json\/wp\/v2\/tags?post=2766"}],"curies":[{"name":"wp","href":"https:\/\/api.w.org\/{rel}","templated":true}]}}