{"id":2763,"date":"2016-10-17T09:37:34","date_gmt":"2016-10-17T12:37:34","guid":{"rendered":"http:\/\/actualidadadiario.com\/site\/?p=2763"},"modified":"2016-10-17T09:37:34","modified_gmt":"2016-10-17T12:37:34","slug":"promulgaron-la-ley-que-prohibe-el-cobro-de-plus-medico-en-la-provincia","status":"publish","type":"post","link":"https:\/\/www.actualidadadiario.com\/index.php\/2016\/10\/17\/promulgaron-la-ley-que-prohibe-el-cobro-de-plus-medico-en-la-provincia\/","title":{"rendered":"Promulgaron la ley que proh\u00edbe el cobro de plus m\u00e9dico en la provincia"},"content":{"rendered":"<p><em><strong>La autoridad de aplicaci\u00f3n es Ministerio de Salud de la Provincia de Entre R\u00edos, que podr\u00e1 &#8220;actuar de oficio o a pedido de parte&#8221;. En tanto, las obras sociales, actuando en el inter\u00e9s de sus afiliados, deber\u00e1n recibir las denuncias<\/strong><\/em><\/p>\n<p>&nbsp;<\/p>\n<p>&nbsp;<\/p>\n<p>&nbsp;<\/p>\n<p>La ley que proh\u00edbe en el territorio entrerriano &#8220;el cobro de plus a toda persona f\u00edsica y\/o jur\u00eddica como retribuci\u00f3n por los servicios prestados por los profesionales del arte de curar y las ramas anexas&#8221;, fue promulgada por el Ejecutivo provincial y registrada con el n\u00famero 10439. Hab\u00eda recibido sanci\u00f3n en la Legislatura provincial el 26 de julio pasado.<\/p>\n<p>De acuerdo al texto de la norma, &#8220;se considera &#8216;plus&#8217; a toda suma dineraria o retribuci\u00f3n complementaria cobrada, exigida o recibida indebidamente de los beneficiarios de las obras sociales, que excedan los importes de los aranceles convenidos entre las entidades y los profesionales m\u00e9dicos u organizaciones gremiales que los agrupen, como retribuci\u00f3n por sus servicios&#8221;.<\/p>\n<p>La autoridad de aplicaci\u00f3n es Ministerio de Salud de la Provincia de Entre R\u00edos, que podr\u00e1 &#8220;actuar de oficio o a pedido de parte&#8221;. En tanto, las obras sociales, actuando en el inter\u00e9s de sus afiliados, deber\u00e1n recibir las denuncias e impulsar el procedimiento administrativo correspondiente, remitiendo dichas actuaciones al Ministerio de Salud de la Provincia.<\/p>\n<p>&nbsp;<\/p>\n<p>&nbsp;<\/p>\n<p><strong>Inspecciones<\/strong><\/p>\n<p>La ley dispone la creaci\u00f3n de &#8220;un cuerpo de inspectores&#8221; cuya direcci\u00f3n estar\u00e1 a cargo de la autoridad de aplicaci\u00f3n. Estos inspectores deber\u00e1n inspeccionar &#8220;activa y regularmente los domicilios, consultorios y efectores de salud donde ejerzan sus actividades los prestadores de las diferentes obras sociales, a fin de detectar la realizaci\u00f3n de las pr\u00e1cticas prohibidas&#8221; por esta ley.<\/p>\n<p>Los inspectores &#8220;labrar\u00e1n &#8216;in situ&#8217; el acta de infracci\u00f3n que tendr\u00e1 car\u00e1cter de instrumento p\u00fablico, la que podr\u00e1 ser rubricada por el prestador inspeccionado&#8221;. Hecho esto, deber\u00e1 darse intervenci\u00f3n a la Administradora Tributaria de Entre R\u00edos (ATER) y a la Administraci\u00f3n Federal de Ingresos P\u00fablicos (AFIP) a fin de que estas apliquen las sanciones que pudieran corresponder.<\/p>\n<p>El prestador acusado dispondr\u00e1 de cinco d\u00edas h\u00e1biles para efectuar su descargo. Transcurrido ese plazo, la autoridad de aplicaci\u00f3n dispondr\u00e1 de un plazo m\u00e1ximo de 15 d\u00edas h\u00e1biles para resolver la acci\u00f3n administrativa.<\/p>\n<p>&nbsp;<\/p>\n<p>&nbsp;<\/p>\n<p><strong>Sanciones<\/strong><\/p>\n<p>La norma tambi\u00e9n establece sanciones para los infractores, de acuerdo con la gravedad de la falta cometida y de la reincidencia en las mismas.<\/p>\n<p>-Multa equivalente a un salario m\u00ednimo, vital y m\u00f3vil y hasta cinco, con m\u00e1s 90 d\u00edas de suspensi\u00f3n de pago alguno y como prestador de los afiliados del organismo.<\/p>\n<p>-Multa equivalente a cinco salarios m\u00ednimo, vital y m\u00f3vil y hasta diez, con m\u00e1s 180 d\u00edas de suspensi\u00f3n de pago alguno y como prestador de los afiliados del organismo.<\/p>\n<p>Tambi\u00e9n se contempla ?en caso de reincidencia y cuando se tratare espec\u00edficamente de damnificados afiliados a Iosper? la baja permanente de los registros de prestadores del instituto e inhabilitaci\u00f3n definitiva para prestar servicios al mismo.<\/p>\n<p>Las dem\u00e1s obras sociales podr\u00e1n determinar igual medida si lo considerasen necesario.<\/p>\n<p>&nbsp;<\/p>\n<p>&nbsp;<br \/>\n<strong>Carteler\u00eda<\/strong><\/p>\n<p>La ley adem\u00e1s ordena que, en un plazo de 60 d\u00edas corridos desde la entrada en vigencia, el Ministerio de Salud provea de carteler\u00eda informativa que contenga la inscripci\u00f3n &#8220;el cobro del plus m\u00e9dico es ilegal, den\u00fancielo&#8221;, junto a datos del modo y los lugares donde se puedan efectuar las denuncias pertinentes.<\/p>\n<p>Esta carteler\u00eda deber\u00e1 ser exhibida obligatoriamente en lugar visible tanto en centros ambulatorios como de internaci\u00f3n. La constataci\u00f3n de su ausencia har\u00e1 pasible de sanciones al prestador o al centro de atenci\u00f3n.<\/p>\n","protected":false},"excerpt":{"rendered":"<p>La autoridad de aplicaci\u00f3n es Ministerio de Salud de la Provincia de Entre R\u00edos, que podr\u00e1 &#8220;actuar de oficio o a pedido de parte&#8221;. En tanto, las obras sociales, actuando en el inter\u00e9s de sus afiliados, deber\u00e1n recibir las denuncias &nbsp; &nbsp; &nbsp; La ley que proh\u00edbe en el territorio entrerriano &#8220;el cobro de plus a toda persona f\u00edsica y\/o jur\u00eddica como retribuci\u00f3n por los servicios prestados por los profesionales del arte de curar y las ramas anexas&#8221;, fue promulgada por el Ejecutivo provincial y registrada con el n\u00famero 10439&#8230;.<\/p>\n","protected":false},"author":3,"featured_media":2764,"comment_status":"closed","ping_status":"closed","sticky":false,"template":"","format":"standard","meta":[],"categories":[9],"tags":[],"_links":{"self":[{"href":"https:\/\/www.actualidadadiario.com\/index.php\/wp-json\/wp\/v2\/posts\/2763"}],"collection":[{"href":"https:\/\/www.actualidadadiario.com\/index.php\/wp-json\/wp\/v2\/posts"}],"about":[{"href":"https:\/\/www.actualidadadiario.com\/index.php\/wp-json\/wp\/v2\/types\/post"}],"author":[{"embeddable":true,"href":"https:\/\/www.actualidadadiario.com\/index.php\/wp-json\/wp\/v2\/users\/3"}],"replies":[{"embeddable":true,"href":"https:\/\/www.actualidadadiario.com\/index.php\/wp-json\/wp\/v2\/comments?post=2763"}],"version-history":[{"count":1,"href":"https:\/\/www.actualidadadiario.com\/index.php\/wp-json\/wp\/v2\/posts\/2763\/revisions"}],"predecessor-version":[{"id":2765,"href":"https:\/\/www.actualidadadiario.com\/index.php\/wp-json\/wp\/v2\/posts\/2763\/revisions\/2765"}],"wp:featuredmedia":[{"embeddable":true,"href":"https:\/\/www.actualidadadiario.com\/index.php\/wp-json\/wp\/v2\/media\/2764"}],"wp:attachment":[{"href":"https:\/\/www.actualidadadiario.com\/index.php\/wp-json\/wp\/v2\/media?parent=2763"}],"wp:term":[{"taxonomy":"category","embeddable":true,"href":"https:\/\/www.actualidadadiario.com\/index.php\/wp-json\/wp\/v2\/categories?post=2763"},{"taxonomy":"post_tag","embeddable":true,"href":"https:\/\/www.actualidadadiario.com\/index.php\/wp-json\/wp\/v2\/tags?post=2763"}],"curies":[{"name":"wp","href":"https:\/\/api.w.org\/{rel}","templated":true}]}}