{"id":276,"date":"2016-08-25T08:57:03","date_gmt":"2016-08-25T11:57:03","guid":{"rendered":"http:\/\/actualidadadiario.com\/site\/?p=276"},"modified":"2016-08-25T08:57:03","modified_gmt":"2016-08-25T11:57:03","slug":"pena-la-cifra-de-30-mil-desaparecidos-tiene-caracter-simbolico","status":"publish","type":"post","link":"https:\/\/www.actualidadadiario.com\/index.php\/2016\/08\/25\/pena-la-cifra-de-30-mil-desaparecidos-tiene-caracter-simbolico\/","title":{"rendered":"Pe\u00f1a: &#8220;La cifra de 30 mil desaparecidos tiene car\u00e1cter simb\u00f3lico&#8221;"},"content":{"rendered":"<p><em><strong>El jefe de Gabinete se sum\u00f3 a los dichos del presidente Mauricio Macri que, hace dos semanas, relativiz\u00f3 el n\u00famero de v\u00edctimas durante la \u00faltima dictadura<\/strong><\/em><\/p>\n<p>&nbsp;<\/p>\n<p>&nbsp;<\/p>\n<p>El jefe de Gabinete,<strong>\u00a0<\/strong>Marcos Pe\u00f1a, se sum\u00f3 a las declaraciones de funcionarios del PRO que niega la cifra de 30 mil desaparecidos en la \u00faltima dictadura militar. &#8220;La cifra de 30 mil desaparecidos tiene un valor simb\u00f3lico&#8221;, lanz\u00f3. &#8220;La \u00fanica lista oficial es la de la CONADEP, que da un n\u00famero inferior&#8221;, retruc\u00f3.<\/p>\n<p>&nbsp;<\/p>\n<p>El funcionario afirm\u00f3 que &#8220;la cifra de 30 mil es una bandera que trasciende nuestro pa\u00eds&#8221;, luego de la pregunta de la diputada del Frente para la Victoria,\u00a0Mar\u00eda Fernanda Raverta, que le consult\u00f3 si &#8220;desconoce como el Presidente la cifra de detenidos desaparecidos durante la dictadura&#8221;.<\/p>\n<p>&nbsp;<\/p>\n<p>Mauricio Macri, hab\u00eda generado un cruce con los organismos al referirse a la cifra de 30 mil desparecidos. &#8220;No tengo idea, no s\u00e9. Es un debate en el cual yo no voy a entrar&#8221;, sostuvo en una entrevista.<\/p>\n<p>&nbsp;<\/p>\n<p>Pe\u00f1a sostuvo adem\u00e1s: &#8220;No creo que la discusi\u00f3n sobre el n\u00famero implique poner en duda el Nunca M\u00e1s y la pol\u00edtica de memoria, verdad y justicia. Ratificamos la pol\u00edtica de Estado que dictadura y terrorismo de Estado no tenemos que tener nunca m\u00e1s en la Argentina&#8221;.<\/p>\n<p>&nbsp;<\/p>\n<p>En enero, el ahora ex ministro de Cultura porte\u00f1o y director del Teatro Col\u00f3n,\u00a0Dar\u00edo Lop\u00e9rfido, cuestion\u00f3 las cifras del genocidio de la \u00faltima dictadura militar: \u201cEn Argentina no hubo 30 mil desaparecidos, se arregl\u00f3 \u00e9se n\u00famero en una mesa cerrada\u201d. Por esa frase artistas, intelectuales y organismos de derechos Humanos pidieron la renuncia al jefe de Gobierno porte\u00f1o, Horacio Rodr\u00edguez Larreta. En julio, el funcionario renunci\u00f3 a la cartera que hoy preside \u00c1ngel Mahler.<\/p>\n","protected":false},"excerpt":{"rendered":"<p>El jefe de Gabinete se sum\u00f3 a los dichos del presidente Mauricio Macri que, hace dos semanas, relativiz\u00f3 el n\u00famero de v\u00edctimas durante la \u00faltima dictadura &nbsp; &nbsp; El jefe de Gabinete,\u00a0Marcos Pe\u00f1a, se sum\u00f3 a las declaraciones de funcionarios del PRO que niega la cifra de 30 mil desaparecidos en la \u00faltima dictadura militar. &#8220;La cifra de 30 mil desaparecidos tiene un valor simb\u00f3lico&#8221;, lanz\u00f3. &#8220;La \u00fanica lista oficial es la de la CONADEP, que da un n\u00famero inferior&#8221;, retruc\u00f3. &nbsp; El funcionario afirm\u00f3 que &#8220;la cifra de 30&#8230;<\/p>\n","protected":false},"author":3,"featured_media":277,"comment_status":"closed","ping_status":"open","sticky":false,"template":"","format":"standard","meta":[],"categories":[4],"tags":[],"_links":{"self":[{"href":"https:\/\/www.actualidadadiario.com\/index.php\/wp-json\/wp\/v2\/posts\/276"}],"collection":[{"href":"https:\/\/www.actualidadadiario.com\/index.php\/wp-json\/wp\/v2\/posts"}],"about":[{"href":"https:\/\/www.actualidadadiario.com\/index.php\/wp-json\/wp\/v2\/types\/post"}],"author":[{"embeddable":true,"href":"https:\/\/www.actualidadadiario.com\/index.php\/wp-json\/wp\/v2\/users\/3"}],"replies":[{"embeddable":true,"href":"https:\/\/www.actualidadadiario.com\/index.php\/wp-json\/wp\/v2\/comments?post=276"}],"version-history":[{"count":1,"href":"https:\/\/www.actualidadadiario.com\/index.php\/wp-json\/wp\/v2\/posts\/276\/revisions"}],"predecessor-version":[{"id":278,"href":"https:\/\/www.actualidadadiario.com\/index.php\/wp-json\/wp\/v2\/posts\/276\/revisions\/278"}],"wp:featuredmedia":[{"embeddable":true,"href":"https:\/\/www.actualidadadiario.com\/index.php\/wp-json\/wp\/v2\/media\/277"}],"wp:attachment":[{"href":"https:\/\/www.actualidadadiario.com\/index.php\/wp-json\/wp\/v2\/media?parent=276"}],"wp:term":[{"taxonomy":"category","embeddable":true,"href":"https:\/\/www.actualidadadiario.com\/index.php\/wp-json\/wp\/v2\/categories?post=276"},{"taxonomy":"post_tag","embeddable":true,"href":"https:\/\/www.actualidadadiario.com\/index.php\/wp-json\/wp\/v2\/tags?post=276"}],"curies":[{"name":"wp","href":"https:\/\/api.w.org\/{rel}","templated":true}]}}