{"id":2757,"date":"2016-10-17T09:35:55","date_gmt":"2016-10-17T12:35:55","guid":{"rendered":"http:\/\/actualidadadiario.com\/site\/?p=2757"},"modified":"2016-10-17T09:35:55","modified_gmt":"2016-10-17T12:35:55","slug":"la-provincia-fortalece-la-educacion-en-zonas-rurales-con-inversion-en-capacitacion-equipamiento-e-infraestructura","status":"publish","type":"post","link":"https:\/\/www.actualidadadiario.com\/index.php\/2016\/10\/17\/la-provincia-fortalece-la-educacion-en-zonas-rurales-con-inversion-en-capacitacion-equipamiento-e-infraestructura\/","title":{"rendered":"La provincia fortalece la educaci\u00f3n en zonas rurales con inversi\u00f3n en capacitaci\u00f3n, equipamiento e infraestructura"},"content":{"rendered":"<p><em><strong>Con el objetivo de mejorar la calidad educativa, reducir las tasas de repitencia e incrementar la matr\u00edcula en las escuelas rurales, el gobierno de la provincia lleva adelante el Programa de Mejoramiento de la Educaci\u00f3n Rural II (Promer II). Es a trav\u00e9s de un trabajo coordinado por la Unidad Ejecutora Provincial (UEP) en articulaci\u00f3n con el Consejo General de Educaci\u00f3n (CGE) y beneficiar\u00e1 a ni\u00f1os y ni\u00f1as de 4 a 17 a\u00f1os que cursan ense\u00f1anza preescolar, primaria y secundaria en escuelas rurales de nuestra provincia<\/strong><\/em><\/p>\n<p>&nbsp;<\/p>\n<p>&nbsp;<\/p>\n<p>&nbsp;<\/p>\n<p>&nbsp;<\/p>\n<p>El Promer II \u201cse propone aumentar la inscripci\u00f3n en las escuelas rurales, pero tambi\u00e9n reducir la repitencia y garantizar la finalizaci\u00f3n de los estudios. Para esto debemos mejorar la ense\u00f1anza, fortalecer los v\u00ednculos entre escuela, familia y comunidad y mejorar el funcionamiento de las instituciones\u201d, explic\u00f3 el coordinador General de la UEP, Juan Javier Garc\u00eda, y subray\u00f3 que se trata de \u201ccumplir con los desaf\u00edos que nos plante\u00f3 nuestro Gobernador Gustavo Bordet y garantizar la \u00f3ptima implementaci\u00f3n del Programa en nuestra provincia\u201d.<\/p>\n<p>\u201cPara esto se financiar\u00e1 la realizaci\u00f3n de capacitaci\u00f3n docente, provisi\u00f3n de equipamiento, obras de infraestructura y mantenimiento, distribuci\u00f3n de materiales de ense\u00f1anza, proyectos de participaci\u00f3n e involucramiento de los padres y la comunidad; proyectos pedag\u00f3gicos vinculados al desarrollo local; promoci\u00f3n de encuentros de intercambio entre estudiantes y comunidad educativa en general, entre otras actividades\u201d, agreg\u00f3.<\/p>\n<p>A partir de la firma del convenio entre el Ministerio de Educaci\u00f3n de la Naci\u00f3n y el CGE, la implementaci\u00f3n del programa es llevada a cabo por la UEP a trav\u00e9s del \u00c1rea Educaci\u00f3n, que se encarga de administrar y monitorear acciones vinculadas al sistema educativo provincial, tanto en lo pedag\u00f3gico como en lo que hace a la infraestructura escolar.<\/p>\n<p>Asimismo, el Promer II tiene una duraci\u00f3n prevista hasta el a\u00f1o 2019, inform\u00f3 el coordinador general de la UEP, Juan Javier Garc\u00eda, y agreg\u00f3: \u201cestamos realizando un acompa\u00f1amiento a las escuelas de la modalidad con un equipo de consultores. Entre otros aspectos, se trabaja en educaci\u00f3n intercultural biling\u00fce y proyectos de base local\u201d.<\/p>\n<p>Adem\u00e1s, destac\u00f3 que: \u201cTodo este proceso se acompa\u00f1a en conjunto con la Direcci\u00f3n de Educaci\u00f3n Rural del CGE. Junto a la directora de rural, Mar\u00eda Ester Barrientos, realizamos un fortalecimiento docente con acciones de capacitaci\u00f3n que estamos llevando adelante durante este mes. Concretamente, en este momento trabajamos junto a docentes de los departamentos Federal, Federaci\u00f3n, Concordia, Nogoy\u00e1 y Diamante\u201d.<\/p>\n<p>\u201cA esto se suman las priorizaciones que realiza el CGE a trav\u00e9s de la Direcci\u00f3n de Educaci\u00f3n Rural en lo que hace a refacciones, ampliaciones y construcci\u00f3n de edificios educativos. Sobre eso nosotros ejecutamos con el del equipo de infraestructura de la UEP\u201d, agreg\u00f3 Garc\u00eda.<\/p>\n<p>&nbsp;<\/p>\n<p>&nbsp;<\/p>\n<p><strong>Sobre el Programa<\/strong><\/p>\n<p>Promer II tiene como objetivo reducir las tasas de repitencia en la educaci\u00f3n primaria, y aumentar la inscripci\u00f3n y la terminaci\u00f3n de los estudios en la educaci\u00f3n secundaria en las zonas rurales.<\/p>\n<p>El programa se propone fortalecer la educaci\u00f3n en las zonas rurales de todo el territorio argentino, cumpliendo con lo dispuesto por el Art\u00edculo 49 de la Ley de Educaci\u00f3n Nacional N\u00ba 26.206. All\u00ed se se\u00f1ala que \u201cla Educaci\u00f3n Rural es la modalidad del sistema educativo de los niveles de Educaci\u00f3n Inicial, Primaria y Secundaria destinada a garantizar el cumplimiento de la escolaridad obligatoria a trav\u00e9s de formas adecuadas a las necesidades y particularidades de la poblaci\u00f3n que habita en zonas rurales\u201d, por eso resulta fundamental el apoyo a trav\u00e9s de pol\u00edticas concretas a las escuelas que m\u00e1s lo necesitan por sus caracter\u00edsticas territoriales y los desaf\u00edos de los niveles.<\/p>\n<p>Los fondos para llevar adelante las actividades ser\u00e1n transferidos a las escuelas, quienes tendr\u00e1n a su cargo la rendici\u00f3n de los mismos. El financiamiento del Programa proviene del Convenio de Pr\u00e9stamo N\u00ba 8452-AR entre el Banco Internacional de Reconstrucci\u00f3n y Fomento (BIRF) y la Rep\u00fablica Argentina.<\/p>\n","protected":false},"excerpt":{"rendered":"<p>Con el objetivo de mejorar la calidad educativa, reducir las tasas de repitencia e incrementar la matr\u00edcula en las escuelas rurales, el gobierno de la provincia lleva adelante el Programa de Mejoramiento de la Educaci\u00f3n Rural II (Promer II). Es a trav\u00e9s de un trabajo coordinado por la Unidad Ejecutora Provincial (UEP) en articulaci\u00f3n con el Consejo General de Educaci\u00f3n (CGE) y beneficiar\u00e1 a ni\u00f1os y ni\u00f1as de 4 a 17 a\u00f1os que cursan ense\u00f1anza preescolar, primaria y secundaria en escuelas rurales de nuestra provincia &nbsp; &nbsp; &nbsp; &nbsp; El&#8230;<\/p>\n","protected":false},"author":3,"featured_media":2758,"comment_status":"closed","ping_status":"closed","sticky":false,"template":"","format":"standard","meta":[],"categories":[15],"tags":[],"_links":{"self":[{"href":"https:\/\/www.actualidadadiario.com\/index.php\/wp-json\/wp\/v2\/posts\/2757"}],"collection":[{"href":"https:\/\/www.actualidadadiario.com\/index.php\/wp-json\/wp\/v2\/posts"}],"about":[{"href":"https:\/\/www.actualidadadiario.com\/index.php\/wp-json\/wp\/v2\/types\/post"}],"author":[{"embeddable":true,"href":"https:\/\/www.actualidadadiario.com\/index.php\/wp-json\/wp\/v2\/users\/3"}],"replies":[{"embeddable":true,"href":"https:\/\/www.actualidadadiario.com\/index.php\/wp-json\/wp\/v2\/comments?post=2757"}],"version-history":[{"count":1,"href":"https:\/\/www.actualidadadiario.com\/index.php\/wp-json\/wp\/v2\/posts\/2757\/revisions"}],"predecessor-version":[{"id":2759,"href":"https:\/\/www.actualidadadiario.com\/index.php\/wp-json\/wp\/v2\/posts\/2757\/revisions\/2759"}],"wp:featuredmedia":[{"embeddable":true,"href":"https:\/\/www.actualidadadiario.com\/index.php\/wp-json\/wp\/v2\/media\/2758"}],"wp:attachment":[{"href":"https:\/\/www.actualidadadiario.com\/index.php\/wp-json\/wp\/v2\/media?parent=2757"}],"wp:term":[{"taxonomy":"category","embeddable":true,"href":"https:\/\/www.actualidadadiario.com\/index.php\/wp-json\/wp\/v2\/categories?post=2757"},{"taxonomy":"post_tag","embeddable":true,"href":"https:\/\/www.actualidadadiario.com\/index.php\/wp-json\/wp\/v2\/tags?post=2757"}],"curies":[{"name":"wp","href":"https:\/\/api.w.org\/{rel}","templated":true}]}}