{"id":2754,"date":"2016-10-17T09:35:07","date_gmt":"2016-10-17T12:35:07","guid":{"rendered":"http:\/\/actualidadadiario.com\/site\/?p=2754"},"modified":"2016-10-17T09:35:07","modified_gmt":"2016-10-17T12:35:07","slug":"la-provincia-enviara-asistencia-a-las-familias-afectadas-de-la-paz","status":"publish","type":"post","link":"https:\/\/www.actualidadadiario.com\/index.php\/2016\/10\/17\/la-provincia-enviara-asistencia-a-las-familias-afectadas-de-la-paz\/","title":{"rendered":"La provincia enviar\u00e1 asistencia a las familias afectadas de La Paz"},"content":{"rendered":"<p><em><strong>\u201cDesde el gobierno de la provincia estamos enviando ayuda a las familias afectadas por la fuerte tormenta que se desat\u00f3 esta madrugada y que provoc\u00f3 da\u00f1os materiales importantes en la ciudad de La Paz\u201d, explic\u00f3 el gobernador Gustavo Bordet, quien se encuentra monitoreando las acciones. \u201cTenemos que trabajar r\u00e1pidamente y todos unidos para llevar alivio a las familias pace\u00f1as que fueron afectadas\u201d, afirm\u00f3 el mandatario<\/strong><\/em><\/p>\n<p>&nbsp;<\/p>\n<p>&nbsp;<\/p>\n<p>&nbsp;<\/p>\n<p>&nbsp;<\/p>\n<p>En ese sentido, la ministra de Desarrollo Social, Laura Stratta, sostuvo que a pedido del gobernador &#8220;tomamos contacto con las autoridades locales de la ciudad para ponernos a disposici\u00f3n, tal como lo hemos hecho durante los primeros meses del a\u00f1o cuando fen\u00f3menos clim\u00e1ticos tambi\u00e9n golpearon a la ciudad de La Paz&#8221;.<\/p>\n<p>&#8220;Afortunadamente no hubo v\u00edctimas ni persona lastimada, los da\u00f1os, hasta donde nos inform\u00f3 el intendente Bruno Sarubi (Cambiemos) son s\u00f3lo materiales&#8221;, agreg\u00f3 la funcionaria.<\/p>\n<p>Stratta indic\u00f3 que hasta el momento el primer sondeo realizado por las autoridades locales indica que existen 20 techos volados en la ciudad y adelant\u00f3 que la cartera social espera un informe m\u00e1s detallado de los da\u00f1os para \u00faltima hora de la noche. En base a esta informaci\u00f3n &#8220;enviaremos a la Municipalidad la ayuda que sea oportuna, porque queremos estar presentes y dando respuesta inmediata a los pace\u00f1os que padecieron da\u00f1os en sus viviendas&#8221;.<\/p>\n<p>Por \u00faltimo, la Ministra de Desarrollo Social agreg\u00f3 que su gabinete sigue de cerca y en conjunto con el gobierno pace\u00f1o la evoluci\u00f3n de los acontecimientos y que mantiene permanentemente informado al Gobernado Gustavo Bordet al respecto.<\/p>\n","protected":false},"excerpt":{"rendered":"<p>\u201cDesde el gobierno de la provincia estamos enviando ayuda a las familias afectadas por la fuerte tormenta que se desat\u00f3 esta madrugada y que provoc\u00f3 da\u00f1os materiales importantes en la ciudad de La Paz\u201d, explic\u00f3 el gobernador Gustavo Bordet, quien se encuentra monitoreando las acciones. \u201cTenemos que trabajar r\u00e1pidamente y todos unidos para llevar alivio a las familias pace\u00f1as que fueron afectadas\u201d, afirm\u00f3 el mandatario &nbsp; &nbsp; &nbsp; &nbsp; En ese sentido, la ministra de Desarrollo Social, Laura Stratta, sostuvo que a pedido del gobernador &#8220;tomamos contacto con las autoridades&#8230;<\/p>\n","protected":false},"author":3,"featured_media":2755,"comment_status":"closed","ping_status":"closed","sticky":false,"template":"","format":"standard","meta":[],"categories":[15],"tags":[],"_links":{"self":[{"href":"https:\/\/www.actualidadadiario.com\/index.php\/wp-json\/wp\/v2\/posts\/2754"}],"collection":[{"href":"https:\/\/www.actualidadadiario.com\/index.php\/wp-json\/wp\/v2\/posts"}],"about":[{"href":"https:\/\/www.actualidadadiario.com\/index.php\/wp-json\/wp\/v2\/types\/post"}],"author":[{"embeddable":true,"href":"https:\/\/www.actualidadadiario.com\/index.php\/wp-json\/wp\/v2\/users\/3"}],"replies":[{"embeddable":true,"href":"https:\/\/www.actualidadadiario.com\/index.php\/wp-json\/wp\/v2\/comments?post=2754"}],"version-history":[{"count":1,"href":"https:\/\/www.actualidadadiario.com\/index.php\/wp-json\/wp\/v2\/posts\/2754\/revisions"}],"predecessor-version":[{"id":2756,"href":"https:\/\/www.actualidadadiario.com\/index.php\/wp-json\/wp\/v2\/posts\/2754\/revisions\/2756"}],"wp:featuredmedia":[{"embeddable":true,"href":"https:\/\/www.actualidadadiario.com\/index.php\/wp-json\/wp\/v2\/media\/2755"}],"wp:attachment":[{"href":"https:\/\/www.actualidadadiario.com\/index.php\/wp-json\/wp\/v2\/media?parent=2754"}],"wp:term":[{"taxonomy":"category","embeddable":true,"href":"https:\/\/www.actualidadadiario.com\/index.php\/wp-json\/wp\/v2\/categories?post=2754"},{"taxonomy":"post_tag","embeddable":true,"href":"https:\/\/www.actualidadadiario.com\/index.php\/wp-json\/wp\/v2\/tags?post=2754"}],"curies":[{"name":"wp","href":"https:\/\/api.w.org\/{rel}","templated":true}]}}