{"id":2751,"date":"2016-10-17T09:34:24","date_gmt":"2016-10-17T12:34:24","guid":{"rendered":"http:\/\/actualidadadiario.com\/site\/?p=2751"},"modified":"2016-10-17T09:34:24","modified_gmt":"2016-10-17T12:34:24","slug":"fuerte-temporal-ocasiono-voladura-de-techos-arboles-y-postes-caidos-en-la-paz","status":"publish","type":"post","link":"https:\/\/www.actualidadadiario.com\/index.php\/2016\/10\/17\/fuerte-temporal-ocasiono-voladura-de-techos-arboles-y-postes-caidos-en-la-paz\/","title":{"rendered":"Fuerte temporal ocasion\u00f3 voladura de techos, \u00e1rboles y postes ca\u00eddos en La Paz"},"content":{"rendered":"<p><em><strong>Seg\u00fan las primeras informaciones, varias familias hab\u00edan perdido su techo producto del fuerte viento que super\u00f3 los 100 K\/h, granizo de importante tama\u00f1o y fuerte actividad el\u00e9ctrica<\/strong><\/em><\/p>\n<p>&nbsp;<\/p>\n<p>&nbsp;<\/p>\n<p>&nbsp;<\/p>\n<p>Al igual que en febrero de \u00e9ste a\u00f1o, la ciudad de La Paz fue azotada por una fuerte tormenta con abundante ca\u00edda de agua, vientos que superaban los 100 K\/h, granizo de importante tama\u00f1o y fuerte actividad el\u00e9ctrica.<\/p>\n<p>Seg\u00fan se supo, lo peor del fen\u00f3meno se desat\u00f3 entre las 3:40 y 5 de la madrugada de este domingo.<\/p>\n<p>\u00c1rboles ca\u00eddos encima de los veh\u00edculos y sobre en las calles, techos volados, carteler\u00eda rota, cables colgando por todos lados y las calles tapadas con hojas de los \u00e1rboles, fueron la postal de la ciudad.<\/p>\n<p>Una cuadrilla de Bomberos Voluntarios junto a personal de Tr\u00e1nsito Municipal trabajaban para despejar las calles y normalizar el tr\u00e1nsito vehicular.<br \/>\nFuentes policiales confirmaron que varias familias hab\u00edan perdido su techo producto del fuerte viento.<\/p>\n<p>En tanto, el intendente Sarubi, coment\u00f3 que desde que hab\u00eda parado la tormenta, las instituciones que conforman Defensa Civil estaban trabajando para volver todo a la normalidad. Adem\u00e1s explic\u00f3 que varias cuadrillas del Municipio estaban trabajando y ayudando a las familias afectadas por el temporal y para limpiar el desastre de las calles.<\/p>\n<p>Varias cuadrillas de la CELP se encuentran trabajando en distintos puntos de la ciudad levantando postes y arreglando los cables que la tormenta cort\u00f3 para restablecer el servicio lo m\u00e1s pronto posible.<\/p>\n","protected":false},"excerpt":{"rendered":"<p>Seg\u00fan las primeras informaciones, varias familias hab\u00edan perdido su techo producto del fuerte viento que super\u00f3 los 100 K\/h, granizo de importante tama\u00f1o y fuerte actividad el\u00e9ctrica &nbsp; &nbsp; &nbsp; Al igual que en febrero de \u00e9ste a\u00f1o, la ciudad de La Paz fue azotada por una fuerte tormenta con abundante ca\u00edda de agua, vientos que superaban los 100 K\/h, granizo de importante tama\u00f1o y fuerte actividad el\u00e9ctrica. Seg\u00fan se supo, lo peor del fen\u00f3meno se desat\u00f3 entre las 3:40 y 5 de la madrugada de este domingo. \u00c1rboles ca\u00eddos&#8230;<\/p>\n","protected":false},"author":3,"featured_media":2752,"comment_status":"closed","ping_status":"closed","sticky":false,"template":"","format":"standard","meta":[],"categories":[9],"tags":[],"_links":{"self":[{"href":"https:\/\/www.actualidadadiario.com\/index.php\/wp-json\/wp\/v2\/posts\/2751"}],"collection":[{"href":"https:\/\/www.actualidadadiario.com\/index.php\/wp-json\/wp\/v2\/posts"}],"about":[{"href":"https:\/\/www.actualidadadiario.com\/index.php\/wp-json\/wp\/v2\/types\/post"}],"author":[{"embeddable":true,"href":"https:\/\/www.actualidadadiario.com\/index.php\/wp-json\/wp\/v2\/users\/3"}],"replies":[{"embeddable":true,"href":"https:\/\/www.actualidadadiario.com\/index.php\/wp-json\/wp\/v2\/comments?post=2751"}],"version-history":[{"count":1,"href":"https:\/\/www.actualidadadiario.com\/index.php\/wp-json\/wp\/v2\/posts\/2751\/revisions"}],"predecessor-version":[{"id":2753,"href":"https:\/\/www.actualidadadiario.com\/index.php\/wp-json\/wp\/v2\/posts\/2751\/revisions\/2753"}],"wp:featuredmedia":[{"embeddable":true,"href":"https:\/\/www.actualidadadiario.com\/index.php\/wp-json\/wp\/v2\/media\/2752"}],"wp:attachment":[{"href":"https:\/\/www.actualidadadiario.com\/index.php\/wp-json\/wp\/v2\/media?parent=2751"}],"wp:term":[{"taxonomy":"category","embeddable":true,"href":"https:\/\/www.actualidadadiario.com\/index.php\/wp-json\/wp\/v2\/categories?post=2751"},{"taxonomy":"post_tag","embeddable":true,"href":"https:\/\/www.actualidadadiario.com\/index.php\/wp-json\/wp\/v2\/tags?post=2751"}],"curies":[{"name":"wp","href":"https:\/\/api.w.org\/{rel}","templated":true}]}}