{"id":2748,"date":"2016-10-17T09:33:19","date_gmt":"2016-10-17T12:33:19","guid":{"rendered":"http:\/\/actualidadadiario.com\/site\/?p=2748"},"modified":"2016-10-17T09:33:19","modified_gmt":"2016-10-17T12:33:19","slug":"movimientos-sociales-en-alerta-por-rumores-sobre-posible-detencion-de-lula","status":"publish","type":"post","link":"https:\/\/www.actualidadadiario.com\/index.php\/2016\/10\/17\/movimientos-sociales-en-alerta-por-rumores-sobre-posible-detencion-de-lula\/","title":{"rendered":"Movimientos sociales en alerta por rumores sobre posible detenci\u00f3n de Lula"},"content":{"rendered":"<p><em><strong>La Central \u00danica de Trabajadores (CUT) y el Movimiento Sin Tierra (MST) se hicieron eco de los rumores crecientes sobre una eventual detenci\u00f3n de Lula por orden del juez Sergio Moro, a quien el ex presidente denunci\u00f3 por abuso de poder ante la comisi\u00f3n de derechos humanos de la ONU<\/strong><\/em><\/p>\n<p>&nbsp;<\/p>\n<p>&nbsp;<\/p>\n<p>&nbsp;<\/p>\n<p>&nbsp;<\/p>\n<p>Movimientos sociales y sindicatos preparan movilizaciones ante una posible detenci\u00f3n del ex presidente Luiz In\u00e1cio Lula da Silva, procesado en tres causas por corrupci\u00f3n en los dos \u00faltimos meses, inform\u00f3 hoy la prensa local.<\/p>\n<p>&nbsp;<\/p>\n<p>Los articuladores de la &#8220;resistencia&#8221; son la Central \u00danica de Trabajadores (CUT) y el Movimiento Sin Tierra (MST) ante los rumores crecientes sobre una eventual detenci\u00f3n de Lula por orden del juez Sergio Moro, a quien el ex presidente denunci\u00f3 por abuso de poder ante la comisi\u00f3n de derechos humanos de la ONU.<\/p>\n<p>&nbsp;<\/p>\n<p>&#8220;En caso de prisi\u00f3n, vamos a deflagrar una marcha hasta el juzgado de Curitiba. No permitiremos este clima de hecho consumado&#8221;, dijo el coordinador nacional del MST Joao Paulo Rodriguez, aliado de Lula, citado por la agencia Folhapress.<\/p>\n<p>&nbsp;<\/p>\n<p>Un blog dirigido por el abogado Eduardo Guimaraes, cercano a Lula, anticip\u00f3 que fue tomada la decisi\u00f3n de detener a Lula la pr\u00f3xima semana en el caso Petrobras por supuesta &#8220;obstrucci\u00f3n de la justicia&#8221; por parte de del juez de la ciudad de Curitiba, sur del pa\u00eds.<\/p>\n<p>&nbsp;<\/p>\n<p>Moro acept\u00f3 una denuncia de la fiscal\u00eda de la Operaci\u00f3n Lava Jato contra Lula sobre posibles ventajas indebidas en torno a un apartamento en el balneario de Guaruj\u00e1 perteneciente a la constructora OAS, uno de los ejes de los sobornos en Petrobras para ganar contratos y financiar la pol\u00edtica.<\/p>\n<p>&nbsp;<\/p>\n<p>El jueves pasado Lula tuvo su tercer procesamiento, luego de que el juez de Brasilia Vallisney de Souza Oliveira acept\u00f3 abrirle juicio por posible corrupci\u00f3n en un pr\u00e9stamos del banco de fomento BNDES a la constructora Odebrecht para obras en Angola.<\/p>\n<p>&nbsp;<\/p>\n<p>El otro procesamiento, tambi\u00e9n en Brasilia, se basa en la denuncia del ex senador del Partido de los Trabajadores Delcidio Amaral que acus\u00f3 a Lula de intentar impedir que un director corrupto confeso de Petrobras se convirtiera en un delator del esc\u00e1ndalo.<\/p>\n<p>&nbsp;<\/p>\n<p>Lula fue llevado a declarar por la fuerza el 4 de marzo pasado por orden de Moro, en el marco de un espectacular operativo que incluy\u00f3 el allanamiento de su vivienda, en Sao Bernardo do Campo, Gran San Pablo, lo que caus\u00f3 un gran revuelo popular.<\/p>\n<p>&nbsp;<\/p>\n<p>El ex presidente que gobern\u00f3 entre 2003 y 2010 dijo que en aquella ocasi\u00f3n fue &#8220;v\u00edctima de un secuestro&#8221;.<\/p>\n<p>&nbsp;<\/p>\n<p>La posible detenci\u00f3n de Lula fue un tema abordado por la ex presidenta Dilma Rousseff, destituida el 31 de agosto en juicio pol\u00edtico, en di\u00e1logo con una radio de Porto Alegre: &#8220;Un arresto ser\u00e1 visto a los ojos del mundo como la continuaci\u00f3n del golpe&#8221;.<\/p>\n<p>&nbsp;<\/p>\n<p>Seg\u00fan la ex presidenta, destituida por delitos fiscales en la ejecuci\u00f3n presupuestaria, el objetivo del gobierno de Michel Temer y sus aliados es impedir una candidatura de Lula en 2018.<\/p>\n","protected":false},"excerpt":{"rendered":"<p>La Central \u00danica de Trabajadores (CUT) y el Movimiento Sin Tierra (MST) se hicieron eco de los rumores crecientes sobre una eventual detenci\u00f3n de Lula por orden del juez Sergio Moro, a quien el ex presidente denunci\u00f3 por abuso de poder ante la comisi\u00f3n de derechos humanos de la ONU &nbsp; &nbsp; &nbsp; &nbsp; Movimientos sociales y sindicatos preparan movilizaciones ante una posible detenci\u00f3n del ex presidente Luiz In\u00e1cio Lula da Silva, procesado en tres causas por corrupci\u00f3n en los dos \u00faltimos meses, inform\u00f3 hoy la prensa local. &nbsp; Los&#8230;<\/p>\n","protected":false},"author":3,"featured_media":2749,"comment_status":"closed","ping_status":"closed","sticky":false,"template":"","format":"standard","meta":[],"categories":[18],"tags":[],"_links":{"self":[{"href":"https:\/\/www.actualidadadiario.com\/index.php\/wp-json\/wp\/v2\/posts\/2748"}],"collection":[{"href":"https:\/\/www.actualidadadiario.com\/index.php\/wp-json\/wp\/v2\/posts"}],"about":[{"href":"https:\/\/www.actualidadadiario.com\/index.php\/wp-json\/wp\/v2\/types\/post"}],"author":[{"embeddable":true,"href":"https:\/\/www.actualidadadiario.com\/index.php\/wp-json\/wp\/v2\/users\/3"}],"replies":[{"embeddable":true,"href":"https:\/\/www.actualidadadiario.com\/index.php\/wp-json\/wp\/v2\/comments?post=2748"}],"version-history":[{"count":1,"href":"https:\/\/www.actualidadadiario.com\/index.php\/wp-json\/wp\/v2\/posts\/2748\/revisions"}],"predecessor-version":[{"id":2750,"href":"https:\/\/www.actualidadadiario.com\/index.php\/wp-json\/wp\/v2\/posts\/2748\/revisions\/2750"}],"wp:featuredmedia":[{"embeddable":true,"href":"https:\/\/www.actualidadadiario.com\/index.php\/wp-json\/wp\/v2\/media\/2749"}],"wp:attachment":[{"href":"https:\/\/www.actualidadadiario.com\/index.php\/wp-json\/wp\/v2\/media?parent=2748"}],"wp:term":[{"taxonomy":"category","embeddable":true,"href":"https:\/\/www.actualidadadiario.com\/index.php\/wp-json\/wp\/v2\/categories?post=2748"},{"taxonomy":"post_tag","embeddable":true,"href":"https:\/\/www.actualidadadiario.com\/index.php\/wp-json\/wp\/v2\/tags?post=2748"}],"curies":[{"name":"wp","href":"https:\/\/api.w.org\/{rel}","templated":true}]}}