{"id":2736,"date":"2016-10-17T09:30:03","date_gmt":"2016-10-17T12:30:03","guid":{"rendered":"http:\/\/actualidadadiario.com\/site\/?p=2736"},"modified":"2016-10-17T09:30:03","modified_gmt":"2016-10-17T12:30:03","slug":"cristina-y-el-pj-bonaerense-festejan-el-dia-de-la-lealtad-por-separado","status":"publish","type":"post","link":"https:\/\/www.actualidadadiario.com\/index.php\/2016\/10\/17\/cristina-y-el-pj-bonaerense-festejan-el-dia-de-la-lealtad-por-separado\/","title":{"rendered":"Cristina y el PJ bonaerense festejan el D\u00eda de la Lealtad por separado"},"content":{"rendered":"<p><em><strong>La ex mandataria lo har\u00e1 a la distancia y por videoconferencia para el acto del PJ de Capital Federal. Espinoza invit\u00f3 a los intendentes del peronismo a Berisso<\/strong><\/em><\/p>\n<p>&nbsp;<\/p>\n<p>&nbsp;<\/p>\n<p>&nbsp;<\/p>\n<p>&nbsp;<\/p>\n<p>Este lunes se cumplir\u00e1n setenta y un a\u00f1os del hist\u00f3rico d\u00eda en el que el peronismo desbord\u00f3 Plaza de Mayo para pedir por la libertad de su l\u00edder, Juan Domingo Per\u00f3n. Con motivo de un nuevo aniversario el peronismo lo festejar\u00e1, con la diferencia de que esta vez est\u00e1 fuera del poder y disgregado. Por eso habr\u00e1 varios actos.<\/p>\n<p>&nbsp;<\/p>\n<p>La ex presidenta Cristina Fern\u00e1ndez de Kirchner cerrar\u00e1 el encuentro que el peronismo\/kirchnerismo har\u00e1 en Capital Federal. Cristina estar\u00e1 presente a trav\u00e9s de una pantalla. Lo har\u00e1 mediante videocoferencia desde Santa Cruz. Es que el viernes \u00faltimo viaj\u00f3 hasta la provincia patag\u00f3nica para estar junto a su familia ante el nacimiento de su nieto.<\/p>\n<p>&nbsp;<\/p>\n<p>Antes de las palabras de la ex mandataria, hablar\u00e1n el ex ministro Educaci\u00f3n, Daniel Filmus, el diputado del Parlasur Jorge Taiana y el presidente del PJ porte\u00f1o, V\u00edctor Santa Mar\u00eda.<\/p>\n<p>&nbsp;<\/p>\n<p>Por su parte, el peronismo bonaerense que preside el ex intendente de La Matanza, Fernando Espinoza, har\u00e1 un acto en \u201cel kil\u00f3metro cero\u201d del peronismo, en la localidad de Berisso. Desde la calle Nueva York y Marsella, Espinoza intentar\u00e1 mostrar la unidad del peronismo.<\/p>\n<p>&nbsp;<\/p>\n<p>Para las 17 horas est\u00e1n pautadas las palabras finales del acto en donde el matancero espera reclutar la mayor cantidad de intendentes bonaerenses para, por un lado, mostrarle poder a la gobernadora bonaerense Mar\u00eda Eugenia Vidal en el contexto de negociaci\u00f3n presupuestaria y de endeudamiento bonaerense que la Legislatura empezar\u00e1 a discutir a fondo esta semana y, por el otro, aplacar al Grupo Esmeralda, los intendentes peronistas encabezados por el lomense Mart\u00edn Insaurralde que buscan la renovaci\u00f3n del partido que hoy preside el ex intendente de La Matanza.<\/p>\n<p>&nbsp;<\/p>\n<p>En Berisso las palabras de cierre estar\u00e1n a cargo del propio Espinoza. Uno de los oradores ser\u00e1 tambi\u00e9n el l\u00edder del Movimiento Evita, Fernando Chino Navarro. Adem\u00e1s se espera tambi\u00e9n la presencia del ex gobernador y candidato presidencial Daniel Scioli.<\/p>\n","protected":false},"excerpt":{"rendered":"<p>La ex mandataria lo har\u00e1 a la distancia y por videoconferencia para el acto del PJ de Capital Federal. Espinoza invit\u00f3 a los intendentes del peronismo a Berisso &nbsp; &nbsp; &nbsp; &nbsp; Este lunes se cumplir\u00e1n setenta y un a\u00f1os del hist\u00f3rico d\u00eda en el que el peronismo desbord\u00f3 Plaza de Mayo para pedir por la libertad de su l\u00edder, Juan Domingo Per\u00f3n. Con motivo de un nuevo aniversario el peronismo lo festejar\u00e1, con la diferencia de que esta vez est\u00e1 fuera del poder y disgregado. Por eso habr\u00e1 varios&#8230;<\/p>\n","protected":false},"author":3,"featured_media":2737,"comment_status":"closed","ping_status":"closed","sticky":false,"template":"","format":"standard","meta":[],"categories":[18],"tags":[],"_links":{"self":[{"href":"https:\/\/www.actualidadadiario.com\/index.php\/wp-json\/wp\/v2\/posts\/2736"}],"collection":[{"href":"https:\/\/www.actualidadadiario.com\/index.php\/wp-json\/wp\/v2\/posts"}],"about":[{"href":"https:\/\/www.actualidadadiario.com\/index.php\/wp-json\/wp\/v2\/types\/post"}],"author":[{"embeddable":true,"href":"https:\/\/www.actualidadadiario.com\/index.php\/wp-json\/wp\/v2\/users\/3"}],"replies":[{"embeddable":true,"href":"https:\/\/www.actualidadadiario.com\/index.php\/wp-json\/wp\/v2\/comments?post=2736"}],"version-history":[{"count":1,"href":"https:\/\/www.actualidadadiario.com\/index.php\/wp-json\/wp\/v2\/posts\/2736\/revisions"}],"predecessor-version":[{"id":2738,"href":"https:\/\/www.actualidadadiario.com\/index.php\/wp-json\/wp\/v2\/posts\/2736\/revisions\/2738"}],"wp:featuredmedia":[{"embeddable":true,"href":"https:\/\/www.actualidadadiario.com\/index.php\/wp-json\/wp\/v2\/media\/2737"}],"wp:attachment":[{"href":"https:\/\/www.actualidadadiario.com\/index.php\/wp-json\/wp\/v2\/media?parent=2736"}],"wp:term":[{"taxonomy":"category","embeddable":true,"href":"https:\/\/www.actualidadadiario.com\/index.php\/wp-json\/wp\/v2\/categories?post=2736"},{"taxonomy":"post_tag","embeddable":true,"href":"https:\/\/www.actualidadadiario.com\/index.php\/wp-json\/wp\/v2\/tags?post=2736"}],"curies":[{"name":"wp","href":"https:\/\/api.w.org\/{rel}","templated":true}]}}