{"id":2734,"date":"2016-10-17T09:29:17","date_gmt":"2016-10-17T12:29:17","guid":{"rendered":"http:\/\/actualidadadiario.com\/site\/?p=2734"},"modified":"2016-10-17T09:29:17","modified_gmt":"2016-10-17T12:29:17","slug":"se-nego-a-declarar-el-tercer-detenido-por-el-crimen-de-lucia","status":"publish","type":"post","link":"https:\/\/www.actualidadadiario.com\/index.php\/2016\/10\/17\/se-nego-a-declarar-el-tercer-detenido-por-el-crimen-de-lucia\/","title":{"rendered":"Se neg\u00f3 a declarar el tercer detenido por el crimen de Luc\u00eda"},"content":{"rendered":"<p class=\"preview\" style=\"background: white;\"><em><strong><span style=\"font-size: 15.0pt; font-family: 'Arial','sans-serif'; color: black;\">Alejandro Alberto Maciel, el tercer detenido por el crimen de la adolescente marplatense Luc\u00eda P\u00e9rez, se neg\u00f3 esta tarde a declarar ante la fiscal de la causa aunque s\u00ed acept\u00f3 someterse a una serie de peritajes cient\u00edficos, informaron fuentes judiciales<\/span><\/strong><\/em><\/p>\n<p class=\"preview\" style=\"background: white;\"><span style=\"font-size: 15.0pt; font-family: 'Arial','sans-serif'; color: black;\">\u00a0<\/span><\/p>\n<p class=\"preview\" style=\"background: white;\"><span style=\"font-size: 15.0pt; font-family: 'Arial','sans-serif'; color: black;\">\u00a0<\/span><\/p>\n<p class=\"preview\" style=\"background: white;\"><span style=\"font-size: 15.0pt; font-family: 'Arial','sans-serif'; color: black;\">\u00a0<\/span><\/p>\n<p class=\"preview\" style=\"background: white;\"><span style=\"font-size: 15.0pt; font-family: 'Arial','sans-serif'; color: black;\">\u00a0<\/span><\/p>\n<p class=\"preview\" style=\"background: white;\"><span style=\"font-size: 15.0pt; font-family: 'Arial','sans-serif'; color: black;\">\u00a0<\/span><\/p>\n<p class=\"preview\" style=\"background: white;\"><span style=\"font-size: 15.0pt; font-family: 'Arial','sans-serif'; color: black;\">\u00a0<\/span><\/p>\n<p class=\"preview\" style=\"background: white;\"><span style=\"font-size: 15.0pt; font-family: 'Arial','sans-serif'; color: black;\">Fuentes judiciales informaron a T\u00e9lam que el acusado acept\u00f3 ser sometido a estudios psicol\u00f3gicos y tambi\u00e9n a que le extrajeran una muestra de sangre para ser cotejada con el ADN hallado en tres preservativos y otros objetos hallados en la casa donde asesinaron a Luc\u00eda (16).<\/span><\/p>\n<p class=\"preview\" style=\"background: white;\"><span style=\"font-size: 15.0pt; font-family: 'Arial','sans-serif'; color: black;\">\u00a0<\/span><\/p>\n<p class=\"preview\" style=\"background: white;\"><span style=\"font-size: 15.0pt; font-family: 'Arial','sans-serif'; color: black;\">Durante la indagatoria, Maciel cont\u00f3 la defensora oficial Carla Auad, aunque a partir de ma\u00f1ana ser\u00e1 asistido por la abogada particular Laura Solari, la misma que representa a Mat\u00edas Gabriel Far\u00edas (23), otro de los detenidos, dijeron los informantes.<\/span><\/p>\n<p class=\"preview\" style=\"background: white;\"><span style=\"font-size: 15.0pt; font-family: 'Arial','sans-serif'; color: black;\">\u00a0<\/span><\/p>\n<p class=\"preview\" style=\"background: white;\"><span style=\"font-size: 15.0pt; font-family: 'Arial','sans-serif'; color: black;\">A su vez, Maciel tiene una relaci\u00f3n de amistad con el tercer apresado, Juan Pablo Offidani (41), y qued\u00f3 vinculado a la causa luego de que algunos testigos lo vieron llegar en camioneta a la casa donde asesinaron a la adolescente.<\/span><\/p>\n<p class=\"preview\" style=\"background: white;\"><span style=\"font-size: 15.0pt; font-family: 'Arial','sans-serif'; color: black;\">\u00a0<\/span><\/p>\n<p class=\"preview\" style=\"background: white;\"><span style=\"font-size: 15.0pt; font-family: 'Arial','sans-serif'; color: black;\">Seg\u00fan las fuentes, las sospechas de la fiscal S\u00e1nchez apuntan a que Maciel pudo haber colaborado con Far\u00edas y Offidani, ambos acusados como los autores materiales del crimen, para lavar el cuerpo y luego trasladarlo hasta un centro de salud de la zona.<\/span><\/p>\n<p class=\"preview\" style=\"background: white;\"><span style=\"font-size: 15.0pt; font-family: 'Arial','sans-serif'; color: black;\">\u00a0<\/span><\/p>\n<p class=\"preview\" style=\"background: white;\"><span style=\"font-size: 15.0pt; font-family: 'Arial','sans-serif'; color: black;\">A partir de estos elementos es que la fiscal\u00eda solicit\u00f3 la detenci\u00f3n de Maciel, a quien el viernes \u00faltimo la Polic\u00eda le allan\u00f3 su domicilio donde no se lo pudo localizar aunque s\u00ed se descubri\u00f3 un invernadero para el cultivo de marihuana.<\/span><\/p>\n<p class=\"preview\" style=\"background: white;\"><span style=\"font-size: 15.0pt; font-family: 'Arial','sans-serif'; color: black;\">\u00a0<\/span><\/p>\n<p class=\"preview\" style=\"background: white;\"><span style=\"font-size: 15.0pt; font-family: 'Arial','sans-serif'; color: black;\">Anoche, personal policial finalmente apres\u00f3 a Maciel en el hotel &#8220;Park Center&#8221; de Santa Clara de Mar, a unos 18 kil\u00f3metros de Mar del Plata, dijeron los informantes de la fuerza. <\/span><\/p>\n<p class=\"preview\" style=\"background: white;\"><span style=\"font-size: 15.0pt; font-family: 'Arial','sans-serif'; color: black;\">\u00a0<\/span><\/p>\n<p class=\"preview\" style=\"background: white;\"><span style=\"font-size: 15.0pt; font-family: 'Arial','sans-serif'; color: black;\">Tanto Maciel como Far\u00edas y Offidani permanecen alojados un la Unidad Penal 44 de Bat\u00e1n mientras se resuelve su situaci\u00f3n procesal.<\/span><\/p>\n<p class=\"preview\" style=\"background: white;\"><span style=\"font-size: 15.0pt; font-family: 'Arial','sans-serif'; color: black;\">\u00a0<\/span><\/p>\n<p class=\"preview\" style=\"background: white;\"><span style=\"font-size: 15.0pt; font-family: 'Arial','sans-serif'; color: black;\">En el caso de los dos \u00faltimos, la acusaci\u00f3n es m\u00e1s grave ya que se les imputa los delitos de &#8220;homicidio criminis causa y abuso sexual seguido de muerte&#8221;, los que prev\u00e9n la pena de prisi\u00f3n perpetua.<\/span><\/p>\n<p class=\"preview\" style=\"background: white;\"><span style=\"font-size: 15.0pt; font-family: 'Arial','sans-serif'; color: black;\">\u00a0<\/span><\/p>\n<p class=\"preview\" style=\"background: white;\"><span style=\"font-size: 15.0pt; font-family: 'Arial','sans-serif'; color: black;\">De acuerdo a la reconstrucci\u00f3n del hecho realizada por el Ministerio P\u00fablico Fiscal, todo comenz\u00f3 el viernes 7 de octubre pasado, cuando Luc\u00eda conoci\u00f3 a Far\u00edas y Offidani a trav\u00e9s de una amiga de la Escuela Media 3 de Mar del Plata a la que ambas asist\u00edan.<\/span><\/p>\n<p class=\"preview\" style=\"background: white;\"><span style=\"font-size: 15.0pt; font-family: 'Arial','sans-serif'; color: black;\">\u00a0<\/span><\/p>\n<p class=\"preview\" style=\"background: white;\"><span style=\"font-size: 15.0pt; font-family: 'Arial','sans-serif'; color: black;\">Esta chica declar\u00f3 ante la fiscal S\u00e1nchez que conoci\u00f3 Far\u00edas hace poco tiempo, cuando se present\u00f3 en el negocio en el que ella trabaja fuera del horario escolar, en el barrio Alfar.<\/span><\/p>\n<p class=\"preview\" style=\"background: white;\"><span style=\"font-size: 15.0pt; font-family: 'Arial','sans-serif'; color: black;\">\u00a0<\/span><\/p>\n<p class=\"preview\" style=\"background: white;\"><span style=\"font-size: 15.0pt; font-family: 'Arial','sans-serif'; color: black;\">Seg\u00fan la acusaci\u00f3n, este joven y Offidani fueron quienes se acercaron a Luc\u00eda para venderle un cigarrillo de marihuana y, al d\u00eda siguiente, el menor de ellos la cit\u00f3 en una casa de Playa Serena donde fue drogada, violada y empalada, lo que le provoc\u00f3 la muerte por &#8220;reflejo vagal&#8221;.<\/span><\/p>\n<p class=\"preview\" style=\"background: white;\"><span style=\"font-size: 15.0pt; font-family: 'Arial','sans-serif'; color: black;\">\u00a0<\/span><\/p>\n<p class=\"preview\" style=\"background: white;\"><span style=\"font-size: 15.0pt; font-family: 'Arial','sans-serif'; color: black;\">Seg\u00fan la fiscal, los acusados luego lavaron y vistieron a la adolescente y la llevaron a la sala sanitaria de Playa Serena, donde ingres\u00f3 muerta.<\/span><\/p>\n<p class=\"preview\" style=\"background: white;\"><span style=\"font-size: 15.0pt; font-family: 'Arial','sans-serif'; color: black;\">\u00a0<\/span><\/p>\n<p class=\"preview\" style=\"background: white;\"><span style=\"font-size: 15.0pt; font-family: 'Arial','sans-serif'; color: black;\">A ra\u00edz de los dichos de Far\u00edas, quien permaneci\u00f3 junto a la v\u00edctima en ese lugar, los m\u00e9dicos creyeron inicialmente que Luc\u00eda hab\u00eda sufrido una sobredosis, aunque mediante la autopsia se determin\u00f3 que hab\u00eda sido v\u00edctima de un brutal ataque sexual.<\/span><\/p>\n<p class=\"preview\" style=\"background: white;\"><span style=\"font-size: 15.0pt; font-family: 'Arial','sans-serif'; color: black;\">\u00a0<\/span><\/p>\n<p class=\"preview\" style=\"background: white;\"><span style=\"font-size: 15.0pt; font-family: 'Arial','sans-serif'; color: black;\">El crimen de Luc\u00eda moviliz\u00f3 a la comunidad marplatense al punto que ayer, m\u00e1s de 3 mil personas marcharon hasta el edificio de la intendencia del partido de General Pueyrred\u00f3n, ubicado en avenida Luro e Irigoyen, de Mar del Plata, en reclamo de justicia.<\/span><\/p>\n<p class=\"preview\" style=\"background: white;\"><span style=\"font-size: 15.0pt; font-family: 'Arial','sans-serif'; color: black;\">\u00a0<\/span><\/p>\n<p class=\"preview\" style=\"background: white;\"><span style=\"font-size: 15.0pt; font-family: 'Arial','sans-serif'; color: black;\">La manifestaci\u00f3n estuvo encabezada por los padres de la v\u00edctima que denunciaron que horas antes de movilizarse recibieron amenazas en su domicilio del barrio Peralta Ramos, por lo que las autoridades dispusieron una custodia policial en la vivienda.<\/span><\/p>\n<p class=\"preview\" style=\"background: white;\"><span style=\"font-size: 15.0pt; font-family: 'Arial','sans-serif'; color: black;\">\u00a0<\/span><\/p>\n<p class=\"preview\" style=\"background: white;\"><span style=\"font-size: 15.0pt; font-family: 'Arial','sans-serif'; color: black;\">Sobre el incidente, Guillermo P\u00e9rez, el pap\u00e1 de Luc\u00eda, cont\u00f3 que dos personas armadas pasaron por la puerta de su casa en motocicleta y amenazaron con que lo iban a &#8220;cagar a tiros&#8221;.<\/span><\/p>\n","protected":false},"excerpt":{"rendered":"<p>Alejandro Alberto Maciel, el tercer detenido por el crimen de la adolescente marplatense Luc\u00eda P\u00e9rez, se neg\u00f3 esta tarde a declarar ante la fiscal de la causa aunque s\u00ed acept\u00f3 someterse a una serie de peritajes cient\u00edficos, informaron fuentes judiciales \u00a0 \u00a0 \u00a0 \u00a0 \u00a0 \u00a0 Fuentes judiciales informaron a T\u00e9lam que el acusado acept\u00f3 ser sometido a estudios psicol\u00f3gicos y tambi\u00e9n a que le extrajeran una muestra de sangre para ser cotejada con el ADN hallado en tres preservativos y otros objetos hallados en la casa donde asesinaron a&#8230;<\/p>\n","protected":false},"author":3,"featured_media":2614,"comment_status":"closed","ping_status":"closed","sticky":false,"template":"","format":"standard","meta":[],"categories":[4],"tags":[],"_links":{"self":[{"href":"https:\/\/www.actualidadadiario.com\/index.php\/wp-json\/wp\/v2\/posts\/2734"}],"collection":[{"href":"https:\/\/www.actualidadadiario.com\/index.php\/wp-json\/wp\/v2\/posts"}],"about":[{"href":"https:\/\/www.actualidadadiario.com\/index.php\/wp-json\/wp\/v2\/types\/post"}],"author":[{"embeddable":true,"href":"https:\/\/www.actualidadadiario.com\/index.php\/wp-json\/wp\/v2\/users\/3"}],"replies":[{"embeddable":true,"href":"https:\/\/www.actualidadadiario.com\/index.php\/wp-json\/wp\/v2\/comments?post=2734"}],"version-history":[{"count":1,"href":"https:\/\/www.actualidadadiario.com\/index.php\/wp-json\/wp\/v2\/posts\/2734\/revisions"}],"predecessor-version":[{"id":2735,"href":"https:\/\/www.actualidadadiario.com\/index.php\/wp-json\/wp\/v2\/posts\/2734\/revisions\/2735"}],"wp:featuredmedia":[{"embeddable":true,"href":"https:\/\/www.actualidadadiario.com\/index.php\/wp-json\/wp\/v2\/media\/2614"}],"wp:attachment":[{"href":"https:\/\/www.actualidadadiario.com\/index.php\/wp-json\/wp\/v2\/media?parent=2734"}],"wp:term":[{"taxonomy":"category","embeddable":true,"href":"https:\/\/www.actualidadadiario.com\/index.php\/wp-json\/wp\/v2\/categories?post=2734"},{"taxonomy":"post_tag","embeddable":true,"href":"https:\/\/www.actualidadadiario.com\/index.php\/wp-json\/wp\/v2\/tags?post=2734"}],"curies":[{"name":"wp","href":"https:\/\/api.w.org\/{rel}","templated":true}]}}