{"id":273,"date":"2016-08-24T09:06:51","date_gmt":"2016-08-24T12:06:51","guid":{"rendered":"http:\/\/actualidadadiario.com\/site\/?p=273"},"modified":"2016-08-24T09:06:51","modified_gmt":"2016-08-24T12:06:51","slug":"confirmaron-que-subira-el-precio-del-azucar-en-los-proximos-dias","status":"publish","type":"post","link":"https:\/\/www.actualidadadiario.com\/index.php\/2016\/08\/24\/confirmaron-que-subira-el-precio-del-azucar-en-los-proximos-dias\/","title":{"rendered":"Confirmaron que subir\u00e1 el precio del az\u00facar en los pr\u00f3ximos d\u00edas"},"content":{"rendered":"<p><em><strong>Se espera un aumento de entre el 20 y el 27 por ciento en el precio del az\u00facar durante los pr\u00f3ximos d\u00edas, fruto de una mejora en los pagos a los cultivadores de ca\u00f1a de Tucum\u00e1n, principal provincia productora del producto en el pa\u00eds<\/strong><\/em><\/p>\n<p>&nbsp;<\/p>\n<p>&nbsp;<\/p>\n<p>Los principales ingenios ya han puesto al tanto de la suba de precios a las grandes cadenas supermercadistas y al resto de la cadena de comercializaci\u00f3n minorista. El incremento oscilar\u00e1 entre un 20 y un 27 por ciento, seg\u00fan la marca y la calidad del refinado.<\/p>\n<p>&#8220;Ya nos avisaron que las nuevas listas de precios vienen con alzas de entre el 20 y hasta el 27 por ciento. Nos comentaron que el aumento responde a una mejora en el precio de base que se les paga a los productores&#8221;, confirm\u00f3 Vanesa Ruiz, gerenta comercial del Centro de Almaceneros de C\u00f3rdoba al diario D\u00eda a D\u00eda.<\/p>\n<p>Al respecto, el diario tucumano La Gaceta dio cuenta de un nuevo acuerdo entre las entidades ca\u00f1eras, los ingenios azucareros y el Instituto de Promoci\u00f3n del Az\u00facar y Alcohol de Tucum\u00e1n (Ipaat), que elev\u00f3 el precio de la bolsa de az\u00facar de 50 kilos desde los 200 a los 360 pesos. El incremento en el cupo de bioetanol de ca\u00f1a a los combustibles (pas\u00f3 de 10 al 12 por ciento) y el cumplimiento de las exportaciones previstas, con mejora en los valores internacionales, explicar\u00edan el ajuste de este producto masivo para el mercado interno.<\/p>\n<p>Las panader\u00edas cordobesas tambi\u00e9n confirmaron el aumento en el precio del az\u00facar, sobre todo teniendo en cuenta que se trata de un insumo b\u00e1sico para la elaboraci\u00f3n de sus productos. &#8220;La bolsa de 50 kilos subi\u00f3 un 20 por ciento en los \u00faltimos d\u00edas, y se fue a 450 pesos&#8221;, asegur\u00f3 Luis Rodr\u00edguez, titular del Centro de Industriales Panaderos.<\/p>\n","protected":false},"excerpt":{"rendered":"<p>Se espera un aumento de entre el 20 y el 27 por ciento en el precio del az\u00facar durante los pr\u00f3ximos d\u00edas, fruto de una mejora en los pagos a los cultivadores de ca\u00f1a de Tucum\u00e1n, principal provincia productora del producto en el pa\u00eds &nbsp; &nbsp; Los principales ingenios ya han puesto al tanto de la suba de precios a las grandes cadenas supermercadistas y al resto de la cadena de comercializaci\u00f3n minorista. El incremento oscilar\u00e1 entre un 20 y un 27 por ciento, seg\u00fan la marca y la calidad&#8230;<\/p>\n","protected":false},"author":3,"featured_media":274,"comment_status":"closed","ping_status":"open","sticky":false,"template":"","format":"standard","meta":[],"categories":[4],"tags":[],"_links":{"self":[{"href":"https:\/\/www.actualidadadiario.com\/index.php\/wp-json\/wp\/v2\/posts\/273"}],"collection":[{"href":"https:\/\/www.actualidadadiario.com\/index.php\/wp-json\/wp\/v2\/posts"}],"about":[{"href":"https:\/\/www.actualidadadiario.com\/index.php\/wp-json\/wp\/v2\/types\/post"}],"author":[{"embeddable":true,"href":"https:\/\/www.actualidadadiario.com\/index.php\/wp-json\/wp\/v2\/users\/3"}],"replies":[{"embeddable":true,"href":"https:\/\/www.actualidadadiario.com\/index.php\/wp-json\/wp\/v2\/comments?post=273"}],"version-history":[{"count":1,"href":"https:\/\/www.actualidadadiario.com\/index.php\/wp-json\/wp\/v2\/posts\/273\/revisions"}],"predecessor-version":[{"id":275,"href":"https:\/\/www.actualidadadiario.com\/index.php\/wp-json\/wp\/v2\/posts\/273\/revisions\/275"}],"wp:featuredmedia":[{"embeddable":true,"href":"https:\/\/www.actualidadadiario.com\/index.php\/wp-json\/wp\/v2\/media\/274"}],"wp:attachment":[{"href":"https:\/\/www.actualidadadiario.com\/index.php\/wp-json\/wp\/v2\/media?parent=273"}],"wp:term":[{"taxonomy":"category","embeddable":true,"href":"https:\/\/www.actualidadadiario.com\/index.php\/wp-json\/wp\/v2\/categories?post=273"},{"taxonomy":"post_tag","embeddable":true,"href":"https:\/\/www.actualidadadiario.com\/index.php\/wp-json\/wp\/v2\/tags?post=273"}],"curies":[{"name":"wp","href":"https:\/\/api.w.org\/{rel}","templated":true}]}}