{"id":2728,"date":"2016-10-17T09:27:07","date_gmt":"2016-10-17T12:27:07","guid":{"rendered":"http:\/\/actualidadadiario.com\/site\/?p=2728"},"modified":"2016-10-17T09:27:07","modified_gmt":"2016-10-17T12:27:07","slug":"la-madre-de-macri-critico-a-los-argentinos-y-le-pego-al-kirchnerismo","status":"publish","type":"post","link":"https:\/\/www.actualidadadiario.com\/index.php\/2016\/10\/17\/la-madre-de-macri-critico-a-los-argentinos-y-le-pego-al-kirchnerismo\/","title":{"rendered":"La madre de Macri critic\u00f3 a los argentinos y le peg\u00f3 al kirchnerismo"},"content":{"rendered":"<p class=\"preview\" style=\"background: white;\"><em><strong><span style=\"font-size: 15.0pt; font-family: 'Arial','sans-serif'; color: black;\">Es Alicia Blanco Villegas, madre del Presidente. &#8220;Este es un pa\u00eds al que le falta la cultura del trabajo y el estudio&#8221;, dijo<\/span><\/strong><\/em><\/p>\n<p class=\"preview\" style=\"background: white;\"><span style=\"font-size: 15.0pt; font-family: 'Arial','sans-serif'; color: black;\">\u00a0<\/span><\/p>\n<p class=\"preview\" style=\"background: white;\"><span style=\"font-size: 15.0pt; font-family: 'Arial','sans-serif'; color: black;\">\u00a0<\/span><\/p>\n<p class=\"preview\" style=\"background: white;\"><span style=\"font-size: 15.0pt; font-family: 'Arial','sans-serif'; color: black;\">\u00a0<\/span><\/p>\n<p class=\"preview\" style=\"background: white;\"><span style=\"font-size: 15.0pt; font-family: 'Arial','sans-serif'; color: black;\">\u00a0<\/span><\/p>\n<p class=\"preview\" style=\"background: white;\"><span style=\"font-size: 15.0pt; font-family: 'Arial','sans-serif'; color: black;\">Alicia Blanco Villegas, madre del presidente Mauricio Macri, fue muy dura con los argentinos. &#8220;Este es un pa\u00eds al que le falta la cultura del trabajo y el estudio. La gente no est\u00e1 acostumbrada y tiene que empezar a pensar con inteligencia&#8221;.<\/span><\/p>\n<p class=\"preview\" style=\"background: white;\"><span style=\"font-size: 15.0pt; font-family: 'Arial','sans-serif'; color: black;\">\u00a0<\/span><\/p>\n<p class=\"preview\" style=\"background: white;\"><span style=\"font-size: 15.0pt; font-family: 'Arial','sans-serif'; color: black;\">Lo afirm\u00f3 en una corta entrevista telef\u00f3nica con Perfil. Asimismo, critic\u00f3 a las gestiones de gobiernos anteriores: &#8220;Es un despiole lo que han hecho&#8221;.<\/span><\/p>\n<p class=\"preview\" style=\"background: white;\"><span style=\"font-size: 15.0pt; font-family: 'Arial','sans-serif'; color: black;\">\u00a0<\/span><\/p>\n<p class=\"preview\" style=\"background: white;\"><span style=\"font-size: 15.0pt; font-family: 'Arial','sans-serif'; color: black;\">Adem\u00e1s, destac\u00f3 que el mandatario hace &#8220;un gran sacrificio&#8221; por los dem\u00e1s desde la funci\u00f3n p\u00fablica en un pa\u00eds que, consider\u00f3, &#8220;no es f\u00e1cil de manejar&#8221;.<\/span><\/p>\n<p class=\"preview\" style=\"background: white;\"><span style=\"font-size: 15.0pt; font-family: 'Arial','sans-serif'; color: black;\">\u00a0<\/span><\/p>\n<p class=\"preview\" style=\"background: white;\"><span style=\"font-size: 15.0pt; font-family: 'Arial','sans-serif'; color: black;\">Si bien expres\u00f3 su confianza en que le puede ir bien en la presidencia, la madre de Macri dijo estar &#8220;preocupada por \u00e9l&#8221; porque &#8220;no es un pa\u00eds f\u00e1cil de manejar&#8221;.<\/span><\/p>\n<p class=\"preview\" style=\"background: white;\"><span style=\"font-size: 15.0pt; font-family: 'Arial','sans-serif'; color: black;\">\u00a0<\/span><\/p>\n<p class=\"preview\" style=\"background: white;\"><span style=\"font-size: 15.0pt; font-family: 'Arial','sans-serif'; color: black;\">En una breve entrevista telef\u00f3nica que public\u00f3 hoy el semanario Perfil, Blanco Villegas dijo que Macri &#8220;est\u00e1 haciendo un gran sacrificio por la vida de los dem\u00e1s&#8221;.<\/span><\/p>\n","protected":false},"excerpt":{"rendered":"<p>Es Alicia Blanco Villegas, madre del Presidente. &#8220;Este es un pa\u00eds al que le falta la cultura del trabajo y el estudio&#8221;, dijo \u00a0 \u00a0 \u00a0 \u00a0 Alicia Blanco Villegas, madre del presidente Mauricio Macri, fue muy dura con los argentinos. &#8220;Este es un pa\u00eds al que le falta la cultura del trabajo y el estudio. La gente no est\u00e1 acostumbrada y tiene que empezar a pensar con inteligencia&#8221;. \u00a0 Lo afirm\u00f3 en una corta entrevista telef\u00f3nica con Perfil. Asimismo, critic\u00f3 a las gestiones de gobiernos anteriores: &#8220;Es un despiole&#8230;<\/p>\n","protected":false},"author":3,"featured_media":2729,"comment_status":"closed","ping_status":"closed","sticky":false,"template":"","format":"standard","meta":[],"categories":[18],"tags":[],"_links":{"self":[{"href":"https:\/\/www.actualidadadiario.com\/index.php\/wp-json\/wp\/v2\/posts\/2728"}],"collection":[{"href":"https:\/\/www.actualidadadiario.com\/index.php\/wp-json\/wp\/v2\/posts"}],"about":[{"href":"https:\/\/www.actualidadadiario.com\/index.php\/wp-json\/wp\/v2\/types\/post"}],"author":[{"embeddable":true,"href":"https:\/\/www.actualidadadiario.com\/index.php\/wp-json\/wp\/v2\/users\/3"}],"replies":[{"embeddable":true,"href":"https:\/\/www.actualidadadiario.com\/index.php\/wp-json\/wp\/v2\/comments?post=2728"}],"version-history":[{"count":1,"href":"https:\/\/www.actualidadadiario.com\/index.php\/wp-json\/wp\/v2\/posts\/2728\/revisions"}],"predecessor-version":[{"id":2730,"href":"https:\/\/www.actualidadadiario.com\/index.php\/wp-json\/wp\/v2\/posts\/2728\/revisions\/2730"}],"wp:featuredmedia":[{"embeddable":true,"href":"https:\/\/www.actualidadadiario.com\/index.php\/wp-json\/wp\/v2\/media\/2729"}],"wp:attachment":[{"href":"https:\/\/www.actualidadadiario.com\/index.php\/wp-json\/wp\/v2\/media?parent=2728"}],"wp:term":[{"taxonomy":"category","embeddable":true,"href":"https:\/\/www.actualidadadiario.com\/index.php\/wp-json\/wp\/v2\/categories?post=2728"},{"taxonomy":"post_tag","embeddable":true,"href":"https:\/\/www.actualidadadiario.com\/index.php\/wp-json\/wp\/v2\/tags?post=2728"}],"curies":[{"name":"wp","href":"https:\/\/api.w.org\/{rel}","templated":true}]}}