{"id":2722,"date":"2016-10-17T09:25:39","date_gmt":"2016-10-17T12:25:39","guid":{"rendered":"http:\/\/actualidadadiario.com\/site\/?p=2722"},"modified":"2016-10-17T09:25:39","modified_gmt":"2016-10-17T12:25:39","slug":"marcos-pena-justifico-la-proteccion-mediatica-a-michetti-por-el-escandalo-de-los-bolsos","status":"publish","type":"post","link":"https:\/\/www.actualidadadiario.com\/index.php\/2016\/10\/17\/marcos-pena-justifico-la-proteccion-mediatica-a-michetti-por-el-escandalo-de-los-bolsos\/","title":{"rendered":"Marcos Pe\u00f1a justific\u00f3 la protecci\u00f3n medi\u00e1tica a Michetti por el esc\u00e1ndalo de los bolsos"},"content":{"rendered":"<p><em><strong>El Jefe de Gabinete realiz\u00f3 una defensa de la vicepresidenta<\/strong><\/em><\/p>\n<p>&nbsp;<\/p>\n<p>&nbsp;<\/p>\n<p>&nbsp;<\/p>\n<p>&nbsp;<\/p>\n<p>Marcos Pe\u00f1a intent\u00f3 justificar la protecci\u00f3n medi\u00e1tica para con el esc\u00e1ndalo que envuelve a Gabriela Michetti.<\/p>\n<p>&nbsp;<\/p>\n<p>En una entrevista con Perfil, el Jefe de Gabinete habl\u00f3 ins\u00f3litamente del kirchnerismo. &#8220;El Gobierno kirchnerista ya hab\u00eda dado suficientes muestras de que la corrupci\u00f3n era un problema estructural y definitorio de su gobierno, y creo que queda claro en nuestro caso, y ni hablar del caso de Gabriela, de que eso no es as\u00ed&#8221;.<\/p>\n<p>&nbsp;<\/p>\n<p>En esa misma sinton\u00eda, sobre el caso de los bolsos con dinero en la casa de la vicepresidenta con plata no declarada, Pe\u00f1a justific\u00f3: &#8220;La realidad es importante m\u00e1s all\u00e1 de la voluntad de los medios, y hay una realidad preexistente. Y la realidad no es la que les gustar\u00eda que fuera a muchos kirchneristas&#8221;.<\/p>\n","protected":false},"excerpt":{"rendered":"<p>El Jefe de Gabinete realiz\u00f3 una defensa de la vicepresidenta &nbsp; &nbsp; &nbsp; &nbsp; Marcos Pe\u00f1a intent\u00f3 justificar la protecci\u00f3n medi\u00e1tica para con el esc\u00e1ndalo que envuelve a Gabriela Michetti. &nbsp; En una entrevista con Perfil, el Jefe de Gabinete habl\u00f3 ins\u00f3litamente del kirchnerismo. &#8220;El Gobierno kirchnerista ya hab\u00eda dado suficientes muestras de que la corrupci\u00f3n era un problema estructural y definitorio de su gobierno, y creo que queda claro en nuestro caso, y ni hablar del caso de Gabriela, de que eso no es as\u00ed&#8221;. &nbsp; En esa misma&#8230;<\/p>\n","protected":false},"author":3,"featured_media":2723,"comment_status":"closed","ping_status":"closed","sticky":false,"template":"","format":"standard","meta":[],"categories":[18],"tags":[],"_links":{"self":[{"href":"https:\/\/www.actualidadadiario.com\/index.php\/wp-json\/wp\/v2\/posts\/2722"}],"collection":[{"href":"https:\/\/www.actualidadadiario.com\/index.php\/wp-json\/wp\/v2\/posts"}],"about":[{"href":"https:\/\/www.actualidadadiario.com\/index.php\/wp-json\/wp\/v2\/types\/post"}],"author":[{"embeddable":true,"href":"https:\/\/www.actualidadadiario.com\/index.php\/wp-json\/wp\/v2\/users\/3"}],"replies":[{"embeddable":true,"href":"https:\/\/www.actualidadadiario.com\/index.php\/wp-json\/wp\/v2\/comments?post=2722"}],"version-history":[{"count":1,"href":"https:\/\/www.actualidadadiario.com\/index.php\/wp-json\/wp\/v2\/posts\/2722\/revisions"}],"predecessor-version":[{"id":2724,"href":"https:\/\/www.actualidadadiario.com\/index.php\/wp-json\/wp\/v2\/posts\/2722\/revisions\/2724"}],"wp:featuredmedia":[{"embeddable":true,"href":"https:\/\/www.actualidadadiario.com\/index.php\/wp-json\/wp\/v2\/media\/2723"}],"wp:attachment":[{"href":"https:\/\/www.actualidadadiario.com\/index.php\/wp-json\/wp\/v2\/media?parent=2722"}],"wp:term":[{"taxonomy":"category","embeddable":true,"href":"https:\/\/www.actualidadadiario.com\/index.php\/wp-json\/wp\/v2\/categories?post=2722"},{"taxonomy":"post_tag","embeddable":true,"href":"https:\/\/www.actualidadadiario.com\/index.php\/wp-json\/wp\/v2\/tags?post=2722"}],"curies":[{"name":"wp","href":"https:\/\/api.w.org\/{rel}","templated":true}]}}