{"id":2719,"date":"2016-10-17T09:24:58","date_gmt":"2016-10-17T12:24:58","guid":{"rendered":"http:\/\/actualidadadiario.com\/site\/?p=2719"},"modified":"2016-10-17T09:24:58","modified_gmt":"2016-10-17T12:24:58","slug":"un-546-estaria-de-acuerdo-con-la-idea-de-un-paro-general-contra-el-gobierno","status":"publish","type":"post","link":"https:\/\/www.actualidadadiario.com\/index.php\/2016\/10\/17\/un-546-estaria-de-acuerdo-con-la-idea-de-un-paro-general-contra-el-gobierno\/","title":{"rendered":"Un 54,6% estar\u00eda de acuerdo con la idea de un paro general contra el Gobierno"},"content":{"rendered":"<p><em><strong>Seg\u00fan un relevamiento de la consultora privada Centro de Estudios de Opini\u00f3n P\u00fablica (CEOP), m\u00e1s de la mitad de la poblaci\u00f3n (54,6%) estar\u00eda de acuerdo con la idea de un paro general contra el Gobierno<\/strong><\/em><\/p>\n<p>&nbsp;<\/p>\n<p>&nbsp;<\/p>\n<p>&nbsp;<\/p>\n<p>&nbsp;<\/p>\n<p>&nbsp;<\/p>\n<p>La encuesta, cuyos resultados publica este domingo el diario P\u00e1gina 12, refleja adem\u00e1s que seis de cada diez personas piensan que lo que ofreci\u00f3 el Gobierno en materia de bono de fin de a\u00f1o es insuficiente.<\/p>\n<p>&nbsp;<\/p>\n<p>Consultados acerca de la postura sobre los dirigentes gremiales una inmensa mayor\u00eda de los encuestados (76,4%) afirma que no defienden los derechos de los trabajadores.<\/p>\n<p>&nbsp;<\/p>\n<p>Para el informe que llev\u00f3 a cabo la consultora que lidera el soci\u00f3logo Roberto Bacman, se entrevistaron 1200 personas en todo el pa\u00eds, respet\u00e1ndose las proporciones por edad, sexo y nivel econ\u00f3mico-social. La encuesta fue telef\u00f3nica.<\/p>\n<p>&nbsp;<\/p>\n<p>Bacman sostiene que &#8220;la mayor parte de los entrevistados (54,6 por ciento) exteriorizan su acuerdo con la posibilidad de un paro, en especial ante una fuerte percepci\u00f3n de ca\u00edda en los salarios e ingresos que no alcanzan para llegar a fin de mes y una necesidad de que se reabran las paritarias para corregir tal falencia. Los resultados que se obtienen en esta pregunta est\u00e1n fuertemente asociados a los indicadores de aprobaci\u00f3n de gesti\u00f3n del gobierno nacional: el acuerdo con el paro est\u00e1 fuertemente correlacionado a la desaprobaci\u00f3n de gesti\u00f3n y viceversa. Desde el punto de vista de la segmentaci\u00f3n actitudinal, la posibilidad de un paro es apoyada sustancialmente por el segmento de los opositores y rechazada de plano por los oficialistas. \u00bfLos independientes? Un 56,3 por ciento se vuelca por el paro&#8221;.<\/p>\n<p>&nbsp;<\/p>\n<p>En este marco, las tres cuartas partes de los consultados (76,4 por ciento) para expresarlo con mayor precisi\u00f3n) se\u00f1alaron, y de modo terminante, que &#8216;los sindicatos no defienden adecuadamente los intereses de los trabajadores&#8217;. Una respuesta muy fuerte que, inclusive, impacta por igual a oficialistas, opositores e independientes&#8221;.<\/p>\n<p>&nbsp;<\/p>\n<p>Por su parte el presidente Mauricio Macri mantiene una imagen positiva del 45 por ciento, con 51 por ciento que opina mal o muy mal del mandatario. Los que se declaran opositores siguen siendo m\u00e1s que los oficialistas, pero todo se estanca en algo parecido a dos mitades.<\/p>\n","protected":false},"excerpt":{"rendered":"<p>Seg\u00fan un relevamiento de la consultora privada Centro de Estudios de Opini\u00f3n P\u00fablica (CEOP), m\u00e1s de la mitad de la poblaci\u00f3n (54,6%) estar\u00eda de acuerdo con la idea de un paro general contra el Gobierno &nbsp; &nbsp; &nbsp; &nbsp; &nbsp; La encuesta, cuyos resultados publica este domingo el diario P\u00e1gina 12, refleja adem\u00e1s que seis de cada diez personas piensan que lo que ofreci\u00f3 el Gobierno en materia de bono de fin de a\u00f1o es insuficiente. &nbsp; Consultados acerca de la postura sobre los dirigentes gremiales una inmensa mayor\u00eda de&#8230;<\/p>\n","protected":false},"author":3,"featured_media":2720,"comment_status":"closed","ping_status":"closed","sticky":false,"template":"","format":"standard","meta":[],"categories":[18],"tags":[],"_links":{"self":[{"href":"https:\/\/www.actualidadadiario.com\/index.php\/wp-json\/wp\/v2\/posts\/2719"}],"collection":[{"href":"https:\/\/www.actualidadadiario.com\/index.php\/wp-json\/wp\/v2\/posts"}],"about":[{"href":"https:\/\/www.actualidadadiario.com\/index.php\/wp-json\/wp\/v2\/types\/post"}],"author":[{"embeddable":true,"href":"https:\/\/www.actualidadadiario.com\/index.php\/wp-json\/wp\/v2\/users\/3"}],"replies":[{"embeddable":true,"href":"https:\/\/www.actualidadadiario.com\/index.php\/wp-json\/wp\/v2\/comments?post=2719"}],"version-history":[{"count":1,"href":"https:\/\/www.actualidadadiario.com\/index.php\/wp-json\/wp\/v2\/posts\/2719\/revisions"}],"predecessor-version":[{"id":2721,"href":"https:\/\/www.actualidadadiario.com\/index.php\/wp-json\/wp\/v2\/posts\/2719\/revisions\/2721"}],"wp:featuredmedia":[{"embeddable":true,"href":"https:\/\/www.actualidadadiario.com\/index.php\/wp-json\/wp\/v2\/media\/2720"}],"wp:attachment":[{"href":"https:\/\/www.actualidadadiario.com\/index.php\/wp-json\/wp\/v2\/media?parent=2719"}],"wp:term":[{"taxonomy":"category","embeddable":true,"href":"https:\/\/www.actualidadadiario.com\/index.php\/wp-json\/wp\/v2\/categories?post=2719"},{"taxonomy":"post_tag","embeddable":true,"href":"https:\/\/www.actualidadadiario.com\/index.php\/wp-json\/wp\/v2\/tags?post=2719"}],"curies":[{"name":"wp","href":"https:\/\/api.w.org\/{rel}","templated":true}]}}