{"id":2716,"date":"2016-10-17T09:24:03","date_gmt":"2016-10-17T12:24:03","guid":{"rendered":"http:\/\/actualidadadiario.com\/site\/?p=2716"},"modified":"2016-10-17T09:24:03","modified_gmt":"2016-10-17T12:24:03","slug":"cumbre-clave-para-destrabar-ajuste-fiscal-en-provincias","status":"publish","type":"post","link":"https:\/\/www.actualidadadiario.com\/index.php\/2016\/10\/17\/cumbre-clave-para-destrabar-ajuste-fiscal-en-provincias\/","title":{"rendered":"Cumbre clave para destrabar ajuste fiscal en provincias"},"content":{"rendered":"<p><em><strong>El objetivo es fijar metas de cumplimiento real para este a\u00f1o y el electoral 2017, cuando ser\u00e1 modificada la ley fiscal, que regir\u00e1 desde 2018<\/strong><\/em><\/p>\n<p>&nbsp;<\/p>\n<p>&nbsp;<\/p>\n<p>&nbsp;<\/p>\n<p>El Comit\u00e9 de Responsabilidad Fiscal se reunir\u00e1 hoy con funcionarios del Ministerio del Interior para intentar llegar a un acuerdo y lograr que las provincias fijen metas reales de ajuste fiscal para este a\u00f1o y para el electoral 2017, a la espera de una nueva ley espec\u00edfica que comenzar\u00e1 a regir en 2018.<\/p>\n<p>&nbsp;<\/p>\n<p>D\u00edas atr\u00e1s, el flamante titular del Comit\u00e9 Directivo del Consejo Federal de Responsabilidad Fiscal y ministro de Hacienda y Finanzas de Mendoza, Mart\u00edn Kerchner (UCR), se\u00f1al\u00f3 a \u00c1mbito Financiero que las cuestiones que se discut\u00edan junto a Casa Rosada giraban en cuanto a que &#8220;no se puede tener un crecimiento de gastos corrientes m\u00e1s all\u00e1 de lo que crezca el PBI real&#8221;.<\/p>\n<p>&nbsp;<\/p>\n<p>Adem\u00e1s, el funcionario que responde al gobernador Alfredo Cornejo (UCR-Cambiemos) agreg\u00f3 que otro objetivo es &#8220;reducir el 10% del d\u00e9ficit sin contar los fondos que manda Naci\u00f3n con devoluci\u00f3n de coparticipaci\u00f3n del 15%&#8221;.<\/p>\n<p>&nbsp;<\/p>\n<p>El jueves pasado se reuni\u00f3 el Comit\u00e9 Directivo -m\u00e1s \u00edntimo que el Consejo- pero de manera accidentada, ya que varios funcionarios -uno de ellos fue Kerchner- no pudieron arribar al convite por el inentendible paro aeron\u00e1utico que se desarroll\u00f3 durante esa jornada.<\/p>\n<p>&nbsp;<\/p>\n<p>Sin embargo, ese d\u00eda, algunas provincias argumentaron que ya estaban presentados en legislaturas locales los Presupuestos 2017, y que se ver\u00edan obligadas a apagar el debate parlamentario para redireccionar una nueva pauta de gastos, con un tijeretazo a las erogaciones dif\u00edcil de digerir.<\/p>\n<p>&nbsp;<\/p>\n<p>Lo cierto es que desde la mayor\u00eda de los distritos del PJ buscan que la pauta a acordar entre Naci\u00f3n y provincias &#8220;sea m\u00e1s viable&#8221;, como mencion\u00f3 a este diario un ministro de Econom\u00eda.<\/p>\n<p>&nbsp;<\/p>\n<p>Al ser consultado por un medio mendocino sobre la postura de los distritos en cuanto a la propuesta de Casa Rosada, Kerchner destac\u00f3: &#8220;Tenemos un empate, pero estamos trabajando para que lo acepten. El tema es que la Naci\u00f3n pide que las provincias se adapten a la disminuci\u00f3n de la presi\u00f3n fiscal, porque esto implica menos dinero de la coparticipaci\u00f3n, y si no se cumplen estas metas ahora, las cosas se van a complicar despu\u00e9s&#8221;.<\/p>\n<p>&nbsp;<\/p>\n<p>Por caso, el ministro cuyano detall\u00f3: &#8220;En Mendoza ya hemos eliminado en 2016 el 78% del d\u00e9ficit en gastos corrientes, que es de $600 millones, cuando en 2015 fue de $2.600 millones&#8221;.<\/p>\n","protected":false},"excerpt":{"rendered":"<p>El objetivo es fijar metas de cumplimiento real para este a\u00f1o y el electoral 2017, cuando ser\u00e1 modificada la ley fiscal, que regir\u00e1 desde 2018 &nbsp; &nbsp; &nbsp; El Comit\u00e9 de Responsabilidad Fiscal se reunir\u00e1 hoy con funcionarios del Ministerio del Interior para intentar llegar a un acuerdo y lograr que las provincias fijen metas reales de ajuste fiscal para este a\u00f1o y para el electoral 2017, a la espera de una nueva ley espec\u00edfica que comenzar\u00e1 a regir en 2018. &nbsp; D\u00edas atr\u00e1s, el flamante titular del Comit\u00e9 Directivo&#8230;<\/p>\n","protected":false},"author":3,"featured_media":2717,"comment_status":"closed","ping_status":"closed","sticky":false,"template":"","format":"standard","meta":[],"categories":[2],"tags":[],"_links":{"self":[{"href":"https:\/\/www.actualidadadiario.com\/index.php\/wp-json\/wp\/v2\/posts\/2716"}],"collection":[{"href":"https:\/\/www.actualidadadiario.com\/index.php\/wp-json\/wp\/v2\/posts"}],"about":[{"href":"https:\/\/www.actualidadadiario.com\/index.php\/wp-json\/wp\/v2\/types\/post"}],"author":[{"embeddable":true,"href":"https:\/\/www.actualidadadiario.com\/index.php\/wp-json\/wp\/v2\/users\/3"}],"replies":[{"embeddable":true,"href":"https:\/\/www.actualidadadiario.com\/index.php\/wp-json\/wp\/v2\/comments?post=2716"}],"version-history":[{"count":1,"href":"https:\/\/www.actualidadadiario.com\/index.php\/wp-json\/wp\/v2\/posts\/2716\/revisions"}],"predecessor-version":[{"id":2718,"href":"https:\/\/www.actualidadadiario.com\/index.php\/wp-json\/wp\/v2\/posts\/2716\/revisions\/2718"}],"wp:featuredmedia":[{"embeddable":true,"href":"https:\/\/www.actualidadadiario.com\/index.php\/wp-json\/wp\/v2\/media\/2717"}],"wp:attachment":[{"href":"https:\/\/www.actualidadadiario.com\/index.php\/wp-json\/wp\/v2\/media?parent=2716"}],"wp:term":[{"taxonomy":"category","embeddable":true,"href":"https:\/\/www.actualidadadiario.com\/index.php\/wp-json\/wp\/v2\/categories?post=2716"},{"taxonomy":"post_tag","embeddable":true,"href":"https:\/\/www.actualidadadiario.com\/index.php\/wp-json\/wp\/v2\/tags?post=2716"}],"curies":[{"name":"wp","href":"https:\/\/api.w.org\/{rel}","templated":true}]}}