{"id":2713,"date":"2016-10-17T09:23:07","date_gmt":"2016-10-17T12:23:07","guid":{"rendered":"http:\/\/actualidadadiario.com\/site\/?p=2713"},"modified":"2016-10-17T09:23:07","modified_gmt":"2016-10-17T12:23:07","slug":"como-no-hay-margen-para-aumentar-mas-los-impuestos-vamos-a-ampliar-la-base-tributaria","status":"publish","type":"post","link":"https:\/\/www.actualidadadiario.com\/index.php\/2016\/10\/17\/como-no-hay-margen-para-aumentar-mas-los-impuestos-vamos-a-ampliar-la-base-tributaria\/","title":{"rendered":"&#8220;Como no hay margen para aumentar m\u00e1s los impuestos, vamos a ampliar la base tributaria&#8221;"},"content":{"rendered":"<p><em><strong>El titular de la AFIP, Alberto Abad, asegur\u00f3 este domingo que se ampliar\u00e1 la base tributaria debido a que &#8220;no hay margen para aumentar m\u00e1s los impuestos&#8221;<\/strong><\/em><\/p>\n<p>&nbsp;<\/p>\n<p>&nbsp;<\/p>\n<p>&nbsp;<\/p>\n<p>&nbsp;<\/p>\n<p>&nbsp;<\/p>\n<p>En declaraciones al diario Clar\u00edn en el marco del 52 Coloquio Idea, Abad asegur\u00f3 que el organismo est\u00e1 decidido a &#8220;bajar la presi\u00f3n tributaria&#8221;. &#8220;Como no hay margen para aumentar m\u00e1s los impuestos, vamos a ampliar la base impositiva&#8221;, argument\u00f3.<\/p>\n<p>&nbsp;<\/p>\n<p>&#8220;Hay que formalizar a un amplio sector de la econom\u00eda. Existe una ley y vamos a obligar, por ejemplo, al uso de la tarjeta de d\u00e9bito en todos los comercios, vamos a empezar por tramos y por sector de acuerdo a los vol\u00famenes de operaciones. Pero los vamos a obligar. La ley exige que todos acepten&#8221;, dijo en este marco.<\/p>\n<p>&nbsp;<\/p>\n<p>Consultado acerca del blanqueo que impulsa el Gobierno, se\u00f1al\u00f3 que &#8220;el sinceramiento tiene tres oleadas&#8221;. &#8220;La primera es la de octubre, porque se acaba el plazo para blanquear efectivo. La segunda es el 31 de diciembre, porque la al\u00edcuota pasa del 10% al 15%, y habr\u00e1 un efecto puerta 12. Y hay una oleada final, asociada con los inmuebles, que como siempre pagan el 5%, los consultores los asesoran esperar hasta el 31 de marzo&#8221;, sostuvo.<\/p>\n<p>&nbsp;<\/p>\n<p>&#8220;Quienes no opten por el sistema de sinceramiento la van a pasar mal&#8221;, manifest\u00f3 el titular de AFIP. En esta l\u00ednea, destac\u00f3 el acuerdo de intercambio de informaci\u00f3n fiscal con Estados Unidos: &#8220;Ya hay comisiones t\u00e9cnicas trabajando. Hemos podido acceder a numerosas bases de datos en Miami y Nueva York sobre propiedades y hemos detectado propiedades de argentinos en el exterior sin declarar&#8221;.<\/p>\n","protected":false},"excerpt":{"rendered":"<p>El titular de la AFIP, Alberto Abad, asegur\u00f3 este domingo que se ampliar\u00e1 la base tributaria debido a que &#8220;no hay margen para aumentar m\u00e1s los impuestos&#8221; &nbsp; &nbsp; &nbsp; &nbsp; &nbsp; En declaraciones al diario Clar\u00edn en el marco del 52 Coloquio Idea, Abad asegur\u00f3 que el organismo est\u00e1 decidido a &#8220;bajar la presi\u00f3n tributaria&#8221;. &#8220;Como no hay margen para aumentar m\u00e1s los impuestos, vamos a ampliar la base impositiva&#8221;, argument\u00f3. &nbsp; &#8220;Hay que formalizar a un amplio sector de la econom\u00eda. Existe una ley y vamos a obligar,&#8230;<\/p>\n","protected":false},"author":3,"featured_media":2714,"comment_status":"closed","ping_status":"closed","sticky":false,"template":"","format":"standard","meta":[],"categories":[2],"tags":[],"_links":{"self":[{"href":"https:\/\/www.actualidadadiario.com\/index.php\/wp-json\/wp\/v2\/posts\/2713"}],"collection":[{"href":"https:\/\/www.actualidadadiario.com\/index.php\/wp-json\/wp\/v2\/posts"}],"about":[{"href":"https:\/\/www.actualidadadiario.com\/index.php\/wp-json\/wp\/v2\/types\/post"}],"author":[{"embeddable":true,"href":"https:\/\/www.actualidadadiario.com\/index.php\/wp-json\/wp\/v2\/users\/3"}],"replies":[{"embeddable":true,"href":"https:\/\/www.actualidadadiario.com\/index.php\/wp-json\/wp\/v2\/comments?post=2713"}],"version-history":[{"count":1,"href":"https:\/\/www.actualidadadiario.com\/index.php\/wp-json\/wp\/v2\/posts\/2713\/revisions"}],"predecessor-version":[{"id":2715,"href":"https:\/\/www.actualidadadiario.com\/index.php\/wp-json\/wp\/v2\/posts\/2713\/revisions\/2715"}],"wp:featuredmedia":[{"embeddable":true,"href":"https:\/\/www.actualidadadiario.com\/index.php\/wp-json\/wp\/v2\/media\/2714"}],"wp:attachment":[{"href":"https:\/\/www.actualidadadiario.com\/index.php\/wp-json\/wp\/v2\/media?parent=2713"}],"wp:term":[{"taxonomy":"category","embeddable":true,"href":"https:\/\/www.actualidadadiario.com\/index.php\/wp-json\/wp\/v2\/categories?post=2713"},{"taxonomy":"post_tag","embeddable":true,"href":"https:\/\/www.actualidadadiario.com\/index.php\/wp-json\/wp\/v2\/tags?post=2713"}],"curies":[{"name":"wp","href":"https:\/\/api.w.org\/{rel}","templated":true}]}}