{"id":2704,"date":"2016-10-17T09:20:35","date_gmt":"2016-10-17T12:20:35","guid":{"rendered":"http:\/\/actualidadadiario.com\/site\/?p=2704"},"modified":"2016-10-17T09:20:35","modified_gmt":"2016-10-17T12:20:35","slug":"el-papa-canonizo-al-cura-brochero-el-primer-santo-totalmente-argentino","status":"publish","type":"post","link":"https:\/\/www.actualidadadiario.com\/index.php\/2016\/10\/17\/el-papa-canonizo-al-cura-brochero-el-primer-santo-totalmente-argentino\/","title":{"rendered":"El Papa canoniz\u00f3 al cura Brochero, el primer santo &#8220;totalmente argentino&#8221;"},"content":{"rendered":"<p><em><strong>El papa Francisco declar\u00f3 este domingo santo al &#8220;cura gaucho&#8221; Jos\u00e9 Gabriel Brochero, el primero nacido y muerto en Argentina, en una emotiva misa de canonizaci\u00f3n en Plaza San Pedro ante unas 80.000 personas, 2.000 de las cuales era fieles argentinos<\/strong><\/em><\/p>\n<p>&nbsp;<\/p>\n<p>&nbsp;<\/p>\n<p>&nbsp;<\/p>\n<p>&nbsp;<\/p>\n<p>En una ceremonia que cont\u00f3 con la presencia en primera fila del presidente Mauricio Macri y su esposa Juliana Awada, Francisco &#8220;declar\u00f3 y defini\u00f3&#8221; santo a Brochero, a las 10.32 de Roma (5.32 de Argentina), junto a otros seis beatos y, siguiendo la f\u00f3rmula de rigor en lat\u00edn pidi\u00f3 &#8220;inscribirlos en el Libro de los Santos, estableciendo que en toda la Iglesia sean devotamente honrados como santos&#8221;.<\/p>\n<p>&nbsp;<\/p>\n<p>Los dos chicos en los que se constataron los milagros atribuidos a Brochero, Nicol\u00e1s Flores y Camila Brusotti, tambi\u00e9n pudieron participar de la hist\u00f3rica ceremonia: \u00e9l, ofreciendo el reliquiario del &#8220;cura gaucho&#8221; y ella saludando al papa Francisco junto a la postuladora de la causa de canonizaci\u00f3n, Silvia Correale frente a las 80.000 personas reunidas en la Plaza San Pedro, seg\u00fan estim\u00f3 la Gendarmer\u00eda vaticana.<\/p>\n<p>&nbsp;<\/p>\n<p>&#8220;Los santos son hombres y mujeres que entran hasta el fondo del misterio de la oraci\u00f3n. Hombres y mujeres que luchan con la oraci\u00f3n, dejando al Esp\u00edritu Santo orar y luchar en ellos; luchan hasta el extremo, con todas sus fuerzas, y vencen, pero no solos: el Se\u00f1or vence a trav\u00e9s de ellos y con ellos&#8221;, expres\u00f3 el pont\u00edfice durante su homil\u00eda en la ceremonia en la que salud\u00f3 a Macri y su mujer, que encabezaron una nutrida delegaci\u00f3n argentina.<\/p>\n<p>&nbsp;<\/p>\n<p>Luego de la entrada de Francisco en la Plaza apenas pasadas las 10 locales, la misa hab\u00eda iniciado con las palabras del cardenal Alberto Amato, prefecto de la Congregaci\u00f3n para las Causas de los Santos, leyendo una breve biograf\u00eda de cada uno de los nuevos santos, incluido Brochero.<\/p>\n<p>&nbsp;<\/p>\n<p>Durante la presentaci\u00f3n de Brochero, Amato destac\u00f3 que el nuevo santo &#8220;se empe\u00f1\u00f3 principalmente en el anuncio del Evangelio y en la educaci\u00f3n del pueblo&#8221; y &#8220;se esforz\u00f3 intensamente para promover el desarrollo del territorio, promoviendo la construcci\u00f3n de iglesias, capillas, escuelas rurales y caminos&#8221;.<\/p>\n<p>&nbsp;<\/p>\n<p>Bajo un cielo despejado y con m\u00e1s de 20 grados de temperatura cuando Francisco oficializ\u00f3 al nuevo santo, una multitud llegada desde Argentina ocup\u00f3 la parte central de la plaza con banderas y estampitas con la imagen del cura &#8220;que se puso la Patria al hombro&#8221;, como se lo describi\u00f3 a la agencia T\u00e9lam el obispo de Cruz del Eje, Santiago Olivera, quien fue uno de los concelebrantes de la hist\u00f3rica misa.<\/p>\n<p>&nbsp;<\/p>\n<p>Entre los argentinos llegados especialmente para la canonizaci\u00f3n estaba tambi\u00e9n Fabiana Brochero, hija de un sobrino nieto del santo y que en medio de la alegr\u00eda en la Plaza San Pedro mostr\u00f3 su &#8220;alegr\u00eda&#8221; por la ceremonia.<\/p>\n<p>&nbsp;<\/p>\n<p>&#8220;Es un honor estar en Roma, frente al Papa y con esta cantidad inmensa de gente que nos acompa\u00f1a. Es un orgullo estar ac\u00e1 con los argentinos y estar todos identificados con la misma bandera&#8221;, expres\u00f3.<\/p>\n<p>&nbsp;<\/p>\n<p>Adem\u00e1s del Presidente y la primera dama, durante la canonizaci\u00f3n tambi\u00e9n saludaron al pont\u00edfice la canciller Susana Malcorra, el gobernador de C\u00f3rdoba Juan Schiaretti junto a su mujer, el ex gobernador Jos\u00e9 Manuel de la Sota y el embajador ante la Santa Sede Rogelio Pfirter.<\/p>\n<p>&nbsp;<\/p>\n<p>Tambi\u00e9n formaron parte de la delegaci\u00f3n el secretario de Culto Santiago de Estrada, el subsecretario del \u00e1rea Alfredo Abriani, el vocero presidencial Iv\u00e1n Pavlovsky, el secretario de Asuntos Estrat\u00e9gicos Fulvio Pompeo, el secretario Legal y T\u00e9cnico Pablo Clusellas y los ministros cordobeses del gabinete: Oscar Aguad de Comunicaciones y Gustavo Santos de Turismo.<\/p>\n<p>&nbsp;<\/p>\n<p>Tambi\u00e9n estuvo el ex gobernador de San Juan, Jos\u00e9 Luis Gioja.<\/p>\n<p>&nbsp;<\/p>\n<p>Junto a Brochero fueron canonizados los beatos italianos Ludovico Pavoni y Alfonso Maria Fusco, el obispo espa\u00f1ol Manuel Gonz\u00e1lez Garc\u00eda, los franceses Salom\u00f3n Leclercq y Elisabeth de la Sant\u00edsima Trinidad y el ni\u00f1o m\u00e1rtir mexicano Jos\u00e9 S\u00e1nchez del R\u00edo.<\/p>\n<p>&nbsp;<\/p>\n<p>&#8220;Que el ejemplo y la intercesi\u00f3n de estos luminosos testimonios sostengan el esfuerzo de cada uno en sus respectivos \u00e1mbitos de trabajo y de servicio, por el bien de la Iglesia y de la comunidad civil&#8221;, agreg\u00f3 Francisco en referencia a los nuevos santos en un breve \u00c1ngelus tras la canonizaci\u00f3n a la que tambi\u00e9n asistieron los cardenales argentinos Luis H\u00e9ctor Villalba y Mario Poli.<\/p>\n<p>&nbsp;<\/p>\n<p>Brochero fue canonizado luego de que la Congregaci\u00f3n para las Causas de los Santos certificara los milagros que se le atribuyen al cura gaucho en los casos de Nicol\u00e1s Flores, un chico de 11 meses que hab\u00eda quedado al borde de la muerte tras sufrir un severo accidente de tr\u00e1nsito; y de Camila Brusotti, una nena que se recuper\u00f3 de lesiones que la hab\u00edan dejado al borde de la muerte.<\/p>\n<p>&nbsp;<\/p>\n<p>Brochero se convirti\u00f3 esta ma\u00f1ana en el primer santo &#8220;100%&#8221; argentino, ya que el primer santo oficializado por el Vaticano y nacido en Argentina, San H\u00e9ctor Valdivielso S\u00e1ez, tambi\u00e9n conocido como San Benito de Jes\u00fas (1910-1934), s\u00f3lo vivi\u00f3 en el pa\u00eds hasta los cuatro a\u00f1os y luego fue ejecutado durante la Revoluci\u00f3n de Asturias, previa a la Guerra Civil Espa\u00f1ola, por lo que fue canonizado el 21 de noviembre de 1999.<\/p>\n","protected":false},"excerpt":{"rendered":"<p>El papa Francisco declar\u00f3 este domingo santo al &#8220;cura gaucho&#8221; Jos\u00e9 Gabriel Brochero, el primero nacido y muerto en Argentina, en una emotiva misa de canonizaci\u00f3n en Plaza San Pedro ante unas 80.000 personas, 2.000 de las cuales era fieles argentinos &nbsp; &nbsp; &nbsp; &nbsp; En una ceremonia que cont\u00f3 con la presencia en primera fila del presidente Mauricio Macri y su esposa Juliana Awada, Francisco &#8220;declar\u00f3 y defini\u00f3&#8221; santo a Brochero, a las 10.32 de Roma (5.32 de Argentina), junto a otros seis beatos y, siguiendo la f\u00f3rmula de&#8230;<\/p>\n","protected":false},"author":3,"featured_media":2705,"comment_status":"closed","ping_status":"closed","sticky":false,"template":"","format":"standard","meta":[],"categories":[9],"tags":[],"_links":{"self":[{"href":"https:\/\/www.actualidadadiario.com\/index.php\/wp-json\/wp\/v2\/posts\/2704"}],"collection":[{"href":"https:\/\/www.actualidadadiario.com\/index.php\/wp-json\/wp\/v2\/posts"}],"about":[{"href":"https:\/\/www.actualidadadiario.com\/index.php\/wp-json\/wp\/v2\/types\/post"}],"author":[{"embeddable":true,"href":"https:\/\/www.actualidadadiario.com\/index.php\/wp-json\/wp\/v2\/users\/3"}],"replies":[{"embeddable":true,"href":"https:\/\/www.actualidadadiario.com\/index.php\/wp-json\/wp\/v2\/comments?post=2704"}],"version-history":[{"count":1,"href":"https:\/\/www.actualidadadiario.com\/index.php\/wp-json\/wp\/v2\/posts\/2704\/revisions"}],"predecessor-version":[{"id":2706,"href":"https:\/\/www.actualidadadiario.com\/index.php\/wp-json\/wp\/v2\/posts\/2704\/revisions\/2706"}],"wp:featuredmedia":[{"embeddable":true,"href":"https:\/\/www.actualidadadiario.com\/index.php\/wp-json\/wp\/v2\/media\/2705"}],"wp:attachment":[{"href":"https:\/\/www.actualidadadiario.com\/index.php\/wp-json\/wp\/v2\/media?parent=2704"}],"wp:term":[{"taxonomy":"category","embeddable":true,"href":"https:\/\/www.actualidadadiario.com\/index.php\/wp-json\/wp\/v2\/categories?post=2704"},{"taxonomy":"post_tag","embeddable":true,"href":"https:\/\/www.actualidadadiario.com\/index.php\/wp-json\/wp\/v2\/tags?post=2704"}],"curies":[{"name":"wp","href":"https:\/\/api.w.org\/{rel}","templated":true}]}}