{"id":270,"date":"2016-08-24T09:05:16","date_gmt":"2016-08-24T12:05:16","guid":{"rendered":"http:\/\/actualidadadiario.com\/site\/?p=270"},"modified":"2016-08-24T09:05:16","modified_gmt":"2016-08-24T12:05:16","slug":"empezara-la-entrega-de-aportes-a-productores-declarados-en-emergencia","status":"publish","type":"post","link":"https:\/\/www.actualidadadiario.com\/index.php\/2016\/08\/24\/empezara-la-entrega-de-aportes-a-productores-declarados-en-emergencia\/","title":{"rendered":"Empezar\u00e1 la entrega de aportes a productores declarados en emergencia"},"content":{"rendered":"<p><em><strong>Este mi\u00e9rcoles en Federaci\u00f3n ser\u00e1n entregados los primeros aportes para productores declarados en emergencia tras la crecida de los r\u00edos en diciembre pasado, en el marco del decreto N\u00ba 411. Son aproximadamente cinco millones de pesos que se distribuir\u00e1n entre 52 citricultores, 17 apicultores y 22 ganaderos, todos de ese departamento<\/strong><\/em><\/p>\n<p><strong>\u00a0<\/strong><\/p>\n<p><strong>\u00a0<\/strong><\/p>\n<p>Desde las 9 de la ma\u00f1ana en el Sal\u00f3n de los Escudos de la Municipalidad de Federaci\u00f3n, comenzar\u00e1n a entregarse los aportes para productores declarados en emergencia por el decreto N\u00ba 411 del Gobierno provincial, tras las crecidas de los r\u00edos Paran\u00e1 y Uruguay desatada en diciembre del 2015.<\/p>\n<p>Los aportes, \u201caproximadamente cinco millones de pesos\u201d, ir\u00e1n destinados a \u201c52 productores citr\u00edcolas, 17 productores ap\u00edcolas y 22 productores ganaderos\u201d todos del \u201cdepartamento Federaci\u00f3n\u201d,\u00a0 precis\u00f3 Amavet.<\/p>\n<p>\u201cSe convino entregarlos en funci\u00f3n de que muchos de ellos son los afectados por el granizo de la semana pasada\u201d, se\u00f1al\u00f3 el funcionario y explic\u00f3 que esta entrega \u201ces una forma de salir r\u00e1pidamente a darle respuesta\u201d ya que \u201ca la producci\u00f3n que les quedaba se la deterior\u00f3 mucho el granizo\u201d.<\/p>\n<p>A causa de los efectos de este \u00faltimo fen\u00f3meno, hizo saber que se elevar\u00e1n informes al ministro de la Producci\u00f3n Carlos Schepens y al gobernador, Gustavo Bordet.<\/p>\n<p>El Director de Agricultura, en declaraciones a esta Agencia, adelant\u00f3 que la idea es \u201ccompletar\u201d la entrega de aportes \u201centre la semana pr\u00f3xima y la otra\u201d al resto de los productores afectados de \u201cambas costas\u201d de la provincia, afectados oportunamente.<\/p>\n<p>Para el acto de este mi\u00e9rcoles est\u00e1 prevista la presencia del secretario de Producci\u00f3n Primaria, Mart\u00edn Barbieri; de la directora de Producci\u00f3n Pecuarias Alternativas del Ministerio de Producci\u00f3n, Noem\u00ed Altamirano y del propio Amavet.<\/p>\n","protected":false},"excerpt":{"rendered":"<p>Este mi\u00e9rcoles en Federaci\u00f3n ser\u00e1n entregados los primeros aportes para productores declarados en emergencia tras la crecida de los r\u00edos en diciembre pasado, en el marco del decreto N\u00ba 411. Son aproximadamente cinco millones de pesos que se distribuir\u00e1n entre 52 citricultores, 17 apicultores y 22 ganaderos, todos de ese departamento \u00a0 \u00a0 Desde las 9 de la ma\u00f1ana en el Sal\u00f3n de los Escudos de la Municipalidad de Federaci\u00f3n, comenzar\u00e1n a entregarse los aportes para productores declarados en emergencia por el decreto N\u00ba 411 del Gobierno provincial, tras las&#8230;<\/p>\n","protected":false},"author":3,"featured_media":271,"comment_status":"closed","ping_status":"open","sticky":false,"template":"","format":"standard","meta":[],"categories":[15],"tags":[],"_links":{"self":[{"href":"https:\/\/www.actualidadadiario.com\/index.php\/wp-json\/wp\/v2\/posts\/270"}],"collection":[{"href":"https:\/\/www.actualidadadiario.com\/index.php\/wp-json\/wp\/v2\/posts"}],"about":[{"href":"https:\/\/www.actualidadadiario.com\/index.php\/wp-json\/wp\/v2\/types\/post"}],"author":[{"embeddable":true,"href":"https:\/\/www.actualidadadiario.com\/index.php\/wp-json\/wp\/v2\/users\/3"}],"replies":[{"embeddable":true,"href":"https:\/\/www.actualidadadiario.com\/index.php\/wp-json\/wp\/v2\/comments?post=270"}],"version-history":[{"count":1,"href":"https:\/\/www.actualidadadiario.com\/index.php\/wp-json\/wp\/v2\/posts\/270\/revisions"}],"predecessor-version":[{"id":272,"href":"https:\/\/www.actualidadadiario.com\/index.php\/wp-json\/wp\/v2\/posts\/270\/revisions\/272"}],"wp:featuredmedia":[{"embeddable":true,"href":"https:\/\/www.actualidadadiario.com\/index.php\/wp-json\/wp\/v2\/media\/271"}],"wp:attachment":[{"href":"https:\/\/www.actualidadadiario.com\/index.php\/wp-json\/wp\/v2\/media?parent=270"}],"wp:term":[{"taxonomy":"category","embeddable":true,"href":"https:\/\/www.actualidadadiario.com\/index.php\/wp-json\/wp\/v2\/categories?post=270"},{"taxonomy":"post_tag","embeddable":true,"href":"https:\/\/www.actualidadadiario.com\/index.php\/wp-json\/wp\/v2\/tags?post=270"}],"curies":[{"name":"wp","href":"https:\/\/api.w.org\/{rel}","templated":true}]}}