{"id":2697,"date":"2016-10-14T09:28:09","date_gmt":"2016-10-14T12:28:09","guid":{"rendered":"http:\/\/actualidadadiario.com\/site\/?p=2697"},"modified":"2016-10-14T09:28:09","modified_gmt":"2016-10-14T12:28:09","slug":"comenzo-en-rosario-el-juicio-por-la-causa-guerrieri-iii-por-47-crimenes-de-lesa-humanidad","status":"publish","type":"post","link":"https:\/\/www.actualidadadiario.com\/index.php\/2016\/10\/14\/comenzo-en-rosario-el-juicio-por-la-causa-guerrieri-iii-por-47-crimenes-de-lesa-humanidad\/","title":{"rendered":"Comenz\u00f3 en Rosario el juicio por la causa Guerrieri III, por 47 cr\u00edmenes de lesa humanidad"},"content":{"rendered":"<p><em><strong>Los acusados son diez ex integrantes del Destacamento 121 de Inteligencia del Ej\u00e9rcito. La tercera etapa del juicio es dirigida por un tribunal integrado por los jueces Jos\u00e9 Mar\u00eda Escobar Cello, Mar\u00eda Iv\u00f3n Vella y Luciano Laur\u00eda<\/strong><\/em><\/p>\n<p><strong>\u00a0<\/strong><\/p>\n<p><strong>\u00a0<\/strong><\/p>\n<p><strong>\u00a0<\/strong><\/p>\n<p><strong>\u00a0<\/strong><\/p>\n<p>Diez ex integrantes del Destacamento 121 de Inteligencia del Ej\u00e9rcito, comenzaron a ser juzgados en los Tribunales Federales de Rosario, por 47 cr\u00edmenes de lesa humanidad cometidos en centros clandestinos de detenci\u00f3n durante la \u00faltima dictadura militar.<\/p>\n<p>Se trata de la tercera parte de la causa Guerrieri, contra represores del Batallon 121 del ej\u00e9rcito, que tuvo a su cargo cinco centros de detenciones clandestinos.<\/p>\n<p>&nbsp;<\/p>\n<p>En ese sentido, el militante de HIJOS, Juan Emilio Basso, explic\u00f3 a T\u00e9lam que \u201cde los 47 casos, hay muchos que son sobrevivientes y que ahora pueden dar cuenta de sus secuestros y torturas\u201d.<\/p>\n<p>Y agreg\u00f3: tambi\u00e9n son testigos de otros casos, porque de esos 47 hay 25 desaparecidos\u201d.<\/p>\n<p>El juicio es dirigido por un tribunal integrado por los jueces Jos\u00e9 Mar\u00eda Escobar Cello, Mar\u00eda Iv\u00f3n Vella y Luciano Laur\u00eda.<\/p>\n<p>&nbsp;<br \/>\nEn tanto, la acusaci\u00f3n est\u00e1 a cargo de la Unidad Fiscal de Asistencia para causas por violaciones a los Derechos Humanos durante el Terrorismo de Estado, a cargo de Adolfo Villatte.<\/p>\n<p>Los querellantes son la ex diputada Alicia Guti\u00e9rrez; su hijo Eduardo Leandro Toniolli; Fernando Dussex; Sebasti\u00e1n \u00c1lvarez; Sabrina Gullino Valenzuela Negro; Pablo Del Rosso; Ignacio Laluf y Mar\u00eda Rosa White.<\/p>\n<p>A su vez, los querellantes son representados por Nadia Schujman, Mat\u00edas Gomez, Sofia Barros Fosin y Franco Porporato \u2013integrantes del equipo jur\u00eddico de la organizaci\u00f3n Hijos\u2013, Santiago Bereciart\u00faa y Natalia Moyano ser\u00e1n los abogados por la querella de la secretar\u00eda de Derechos Humanos de la Naci\u00f3n.<\/p>\n","protected":false},"excerpt":{"rendered":"<p>Los acusados son diez ex integrantes del Destacamento 121 de Inteligencia del Ej\u00e9rcito. La tercera etapa del juicio es dirigida por un tribunal integrado por los jueces Jos\u00e9 Mar\u00eda Escobar Cello, Mar\u00eda Iv\u00f3n Vella y Luciano Laur\u00eda \u00a0 \u00a0 \u00a0 \u00a0 Diez ex integrantes del Destacamento 121 de Inteligencia del Ej\u00e9rcito, comenzaron a ser juzgados en los Tribunales Federales de Rosario, por 47 cr\u00edmenes de lesa humanidad cometidos en centros clandestinos de detenci\u00f3n durante la \u00faltima dictadura militar. Se trata de la tercera parte de la causa Guerrieri, contra represores&#8230;<\/p>\n","protected":false},"author":3,"featured_media":2698,"comment_status":"closed","ping_status":"closed","sticky":false,"template":"","format":"standard","meta":[],"categories":[4],"tags":[],"_links":{"self":[{"href":"https:\/\/www.actualidadadiario.com\/index.php\/wp-json\/wp\/v2\/posts\/2697"}],"collection":[{"href":"https:\/\/www.actualidadadiario.com\/index.php\/wp-json\/wp\/v2\/posts"}],"about":[{"href":"https:\/\/www.actualidadadiario.com\/index.php\/wp-json\/wp\/v2\/types\/post"}],"author":[{"embeddable":true,"href":"https:\/\/www.actualidadadiario.com\/index.php\/wp-json\/wp\/v2\/users\/3"}],"replies":[{"embeddable":true,"href":"https:\/\/www.actualidadadiario.com\/index.php\/wp-json\/wp\/v2\/comments?post=2697"}],"version-history":[{"count":2,"href":"https:\/\/www.actualidadadiario.com\/index.php\/wp-json\/wp\/v2\/posts\/2697\/revisions"}],"predecessor-version":[{"id":2700,"href":"https:\/\/www.actualidadadiario.com\/index.php\/wp-json\/wp\/v2\/posts\/2697\/revisions\/2700"}],"wp:featuredmedia":[{"embeddable":true,"href":"https:\/\/www.actualidadadiario.com\/index.php\/wp-json\/wp\/v2\/media\/2698"}],"wp:attachment":[{"href":"https:\/\/www.actualidadadiario.com\/index.php\/wp-json\/wp\/v2\/media?parent=2697"}],"wp:term":[{"taxonomy":"category","embeddable":true,"href":"https:\/\/www.actualidadadiario.com\/index.php\/wp-json\/wp\/v2\/categories?post=2697"},{"taxonomy":"post_tag","embeddable":true,"href":"https:\/\/www.actualidadadiario.com\/index.php\/wp-json\/wp\/v2\/tags?post=2697"}],"curies":[{"name":"wp","href":"https:\/\/api.w.org\/{rel}","templated":true}]}}