{"id":2688,"date":"2016-10-14T09:15:41","date_gmt":"2016-10-14T12:15:41","guid":{"rendered":"http:\/\/actualidadadiario.com\/site\/?p=2688"},"modified":"2016-10-14T09:15:41","modified_gmt":"2016-10-14T12:15:41","slug":"debatieron-el-nuevo-proyecto-de-ley-de-distritos-industriales","status":"publish","type":"post","link":"https:\/\/www.actualidadadiario.com\/index.php\/2016\/10\/14\/debatieron-el-nuevo-proyecto-de-ley-de-distritos-industriales\/","title":{"rendered":"Debatieron el nuevo proyecto de ley de Distritos Industriales"},"content":{"rendered":"<p><em><strong>Organizada por la Subsecretar\u00eda de Industria en conjunto con la Comisi\u00f3n de Producci\u00f3n de la C\u00e1mara de Senadores de la Provincia, tuvo lugar la Jornada informativa y de debate respecto la nueva ley de Distritos Industriales<\/strong><\/em><\/p>\n<p>&nbsp;<\/p>\n<p>&nbsp;<\/p>\n<p>&nbsp;<\/p>\n<p>&nbsp;<\/p>\n<p>&nbsp;<\/p>\n<p>De la actividad, participaron directivos y representantes de las \u00e1reas y parques industriales de las distintas localidades de la provincia, adem\u00e1s de un importante n\u00famero de intendentes y funcionarios municipales.<\/p>\n<p>El encuentro tuvo por objeto interiorizar a los parques industriales creados, en proyecto y por crearse, de los alcances de la nueva normativa que suceder\u00e1 la actual ley 7.957 de parques Industriales vigente en nuestra Provincia. En este sentido, el Ministerio de Producci\u00f3n ha trabajado en un nuevo proyecto de ley sobre la materia con el af\u00e1n de cimentar una plataforma de gesti\u00f3n sustentable con proyecci\u00f3n a mediano y largo plazo.<\/p>\n<p>Al respecto, el director de Industria de la provincia, Ricardo Armocida, explic\u00f3 que \u201cla necesidad de esta reuni\u00f3n fue acordada con los senadores porque nos interesa saber la opini\u00f3n de los distintos actores involucrados en la problem\u00e1tica de desarrollo industrial, de la misma forma que anteriormente hubo una reuni\u00f3n con la Uni\u00f3n Industrial de Entre R\u00edos para conocer el parecer de la misma sobre la Ley. En esta ocasi\u00f3n se ha convocado a distintos municipios con parques, parques en desarrollo o municipios interesados en contar con su parque, para juntos analizar el texto que se est\u00e1 discutiendo en la c\u00e1mara\u201d.<\/p>\n<p>En cuanto a los antecedentes de esta tem\u00e1tica, Armocida rese\u00f1\u00f3 que \u201cla provincia, desde el a\u00f1o 2.012 a la fecha, ha desarrollado 26 parques industriales, entre generaci\u00f3n, regularizaci\u00f3n y adecuaci\u00f3n de los mismos, lo cual nos ha permitido contar con una rica experiencia en la materia y en las distintas problem\u00e1ticas a afrontar. A la vez, el gobernador hizo un pedido expl\u00edcito a la asamblea legislativa de este a\u00f1o de discutir una ley que nos permita pensar en el desarrollo de los parques industriales y de la industria en general de ac\u00e1 a mediano plazo. En breves palabras, sentar las bases para plantear un nuevo desarrollo industrial de acuerdo a los desaf\u00edos de la industria\u201d, enfatiz\u00f3.<\/p>\n<p>En otro tramo, el funcionario aclar\u00f3 que esta Ley no contempla exenciones impositivas u otros beneficios porque para esos aspectos existen normas espec\u00edficas como la Ley de promoci\u00f3n industrial y otras normativas complementarias a tal fin.<\/p>\n<p>Y agreg\u00f3: \u201cLo que persigue, principalmente, es lograr el ordenamiento territorial para que el desarrollo de las ciudades sea sustentable y amigable con el paralelo desarrollo de la industria, evitando la concentraci\u00f3n en las grandes urbes lo cual le da un sentido democr\u00e1tico, abierto y equilibrado a la diversificaci\u00f3n de la matriz productiva de nuestra provincia\u201d<\/p>\n<p>Para finalizar, Armocida justific\u00f3 la necesidad de esta nueva Ley en \u201cla convicci\u00f3n de que la Industria tiene desaf\u00edos constantes y son din\u00e1micos. Las cuestiones que contempla nuestra actual Ley de Parques Industriales tienen que ver con una l\u00f3gica que no se adecua a todos los desaf\u00edos que la Industria tiene en la actualidad. Uno de ellos es el manejo de la log\u00edstica, que es un costo fundamental al momento de ser competitivos para la colocaci\u00f3n de nuestros productos en mercados nacionales o externos. En ese sentido, la ley agrega la figura de \u00e1reas log\u00edsticas y de servicios como un \u00e1rea complementaria, que es lo que permitir\u00eda la atracci\u00f3n de inversiones hacia un espacio de desarrollo de la econom\u00eda y la producci\u00f3n que hoy la provincia no lo tiene\u201d.<\/p>\n","protected":false},"excerpt":{"rendered":"<p>Organizada por la Subsecretar\u00eda de Industria en conjunto con la Comisi\u00f3n de Producci\u00f3n de la C\u00e1mara de Senadores de la Provincia, tuvo lugar la Jornada informativa y de debate respecto la nueva ley de Distritos Industriales &nbsp; &nbsp; &nbsp; &nbsp; &nbsp; De la actividad, participaron directivos y representantes de las \u00e1reas y parques industriales de las distintas localidades de la provincia, adem\u00e1s de un importante n\u00famero de intendentes y funcionarios municipales. El encuentro tuvo por objeto interiorizar a los parques industriales creados, en proyecto y por crearse, de los alcances&#8230;<\/p>\n","protected":false},"author":3,"featured_media":2689,"comment_status":"closed","ping_status":"closed","sticky":false,"template":"","format":"standard","meta":[],"categories":[15],"tags":[],"_links":{"self":[{"href":"https:\/\/www.actualidadadiario.com\/index.php\/wp-json\/wp\/v2\/posts\/2688"}],"collection":[{"href":"https:\/\/www.actualidadadiario.com\/index.php\/wp-json\/wp\/v2\/posts"}],"about":[{"href":"https:\/\/www.actualidadadiario.com\/index.php\/wp-json\/wp\/v2\/types\/post"}],"author":[{"embeddable":true,"href":"https:\/\/www.actualidadadiario.com\/index.php\/wp-json\/wp\/v2\/users\/3"}],"replies":[{"embeddable":true,"href":"https:\/\/www.actualidadadiario.com\/index.php\/wp-json\/wp\/v2\/comments?post=2688"}],"version-history":[{"count":1,"href":"https:\/\/www.actualidadadiario.com\/index.php\/wp-json\/wp\/v2\/posts\/2688\/revisions"}],"predecessor-version":[{"id":2690,"href":"https:\/\/www.actualidadadiario.com\/index.php\/wp-json\/wp\/v2\/posts\/2688\/revisions\/2690"}],"wp:featuredmedia":[{"embeddable":true,"href":"https:\/\/www.actualidadadiario.com\/index.php\/wp-json\/wp\/v2\/media\/2689"}],"wp:attachment":[{"href":"https:\/\/www.actualidadadiario.com\/index.php\/wp-json\/wp\/v2\/media?parent=2688"}],"wp:term":[{"taxonomy":"category","embeddable":true,"href":"https:\/\/www.actualidadadiario.com\/index.php\/wp-json\/wp\/v2\/categories?post=2688"},{"taxonomy":"post_tag","embeddable":true,"href":"https:\/\/www.actualidadadiario.com\/index.php\/wp-json\/wp\/v2\/tags?post=2688"}],"curies":[{"name":"wp","href":"https:\/\/api.w.org\/{rel}","templated":true}]}}