{"id":2685,"date":"2016-10-14T09:12:15","date_gmt":"2016-10-14T12:12:15","guid":{"rendered":"http:\/\/actualidadadiario.com\/site\/?p=2685"},"modified":"2016-10-14T09:12:15","modified_gmt":"2016-10-14T12:12:15","slug":"no-hubo-acuerdo-en-el-conflicto-por-despidos-en-fabrica-de-neumaticos","status":"publish","type":"post","link":"https:\/\/www.actualidadadiario.com\/index.php\/2016\/10\/14\/no-hubo-acuerdo-en-el-conflicto-por-despidos-en-fabrica-de-neumaticos\/","title":{"rendered":"No hubo acuerdo en el conflicto por despidos en f\u00e1brica de neum\u00e1ticos"},"content":{"rendered":"<p><em><strong>&#8220;La conciliaci\u00f3n se hab\u00eda prorrogado por cinco d\u00edas para intentar un acercamiento que finalmente no prosper\u00f3. Tanto la empresa como la entidad gremial mantuvieron sus posturas&#8221;, explic\u00f3 el Delegado de Trabajo<\/strong><\/em><\/p>\n<p>&nbsp;<\/p>\n<p>&nbsp;<\/p>\n<p>&nbsp;<\/p>\n<p>l martes se realiz\u00f3 la \u00faltima audiencia entre los trabajadores y directivos de la empresa Imperial Cord en el marco de la conciliaci\u00f3n dictada tras el despido de siete trabajadores. El Delegado de Trabajo, \u00c1ngel Cabeza, confirm\u00f3 que las partes &#8220;mantuvieron su postura&#8221; por lo que &#8220;no hubo acuerdo&#8221;<\/p>\n<p>Cabeza dijo que &#8220;la conciliaci\u00f3n se hab\u00eda prorrogado por cinco d\u00edas para intentar un acercamiento que finalmente no prosper\u00f3. Tanto la empresa como la entidad gremial mantuvieron sus posturas&#8221;. El gremio pretend\u00eda lograr la reincorporaci\u00f3n de los trabajadores despedidos. La conciliaci\u00f3n venci\u00f3 este mi\u00e9rcoles y no ser\u00e1 extendida.<\/p>\n<p>Los despidos en Imperial Cord se suman al conflicto que mantiene el Sindicato \u00danico de Trabajadores de Neum\u00e1ticos (SUTNA) a nivel nacional, por desvinculaciones masivas que se vienen produciendo en empresas de todo el pa\u00eds. Las firmas aducen falta de competitividad por la apertura de las importaciones.<\/p>\n","protected":false},"excerpt":{"rendered":"<p>&#8220;La conciliaci\u00f3n se hab\u00eda prorrogado por cinco d\u00edas para intentar un acercamiento que finalmente no prosper\u00f3. Tanto la empresa como la entidad gremial mantuvieron sus posturas&#8221;, explic\u00f3 el Delegado de Trabajo &nbsp; &nbsp; &nbsp; l martes se realiz\u00f3 la \u00faltima audiencia entre los trabajadores y directivos de la empresa Imperial Cord en el marco de la conciliaci\u00f3n dictada tras el despido de siete trabajadores. El Delegado de Trabajo, \u00c1ngel Cabeza, confirm\u00f3 que las partes &#8220;mantuvieron su postura&#8221; por lo que &#8220;no hubo acuerdo&#8221; Cabeza dijo que &#8220;la conciliaci\u00f3n se hab\u00eda&#8230;<\/p>\n","protected":false},"author":3,"featured_media":2686,"comment_status":"closed","ping_status":"closed","sticky":false,"template":"","format":"standard","meta":[],"categories":[4],"tags":[],"_links":{"self":[{"href":"https:\/\/www.actualidadadiario.com\/index.php\/wp-json\/wp\/v2\/posts\/2685"}],"collection":[{"href":"https:\/\/www.actualidadadiario.com\/index.php\/wp-json\/wp\/v2\/posts"}],"about":[{"href":"https:\/\/www.actualidadadiario.com\/index.php\/wp-json\/wp\/v2\/types\/post"}],"author":[{"embeddable":true,"href":"https:\/\/www.actualidadadiario.com\/index.php\/wp-json\/wp\/v2\/users\/3"}],"replies":[{"embeddable":true,"href":"https:\/\/www.actualidadadiario.com\/index.php\/wp-json\/wp\/v2\/comments?post=2685"}],"version-history":[{"count":1,"href":"https:\/\/www.actualidadadiario.com\/index.php\/wp-json\/wp\/v2\/posts\/2685\/revisions"}],"predecessor-version":[{"id":2687,"href":"https:\/\/www.actualidadadiario.com\/index.php\/wp-json\/wp\/v2\/posts\/2685\/revisions\/2687"}],"wp:featuredmedia":[{"embeddable":true,"href":"https:\/\/www.actualidadadiario.com\/index.php\/wp-json\/wp\/v2\/media\/2686"}],"wp:attachment":[{"href":"https:\/\/www.actualidadadiario.com\/index.php\/wp-json\/wp\/v2\/media?parent=2685"}],"wp:term":[{"taxonomy":"category","embeddable":true,"href":"https:\/\/www.actualidadadiario.com\/index.php\/wp-json\/wp\/v2\/categories?post=2685"},{"taxonomy":"post_tag","embeddable":true,"href":"https:\/\/www.actualidadadiario.com\/index.php\/wp-json\/wp\/v2\/tags?post=2685"}],"curies":[{"name":"wp","href":"https:\/\/api.w.org\/{rel}","templated":true}]}}