{"id":2679,"date":"2016-10-14T09:10:35","date_gmt":"2016-10-14T12:10:35","guid":{"rendered":"http:\/\/actualidadadiario.com\/site\/?p=2679"},"modified":"2016-10-14T09:10:35","modified_gmt":"2016-10-14T12:10:35","slug":"se-inicia-el-proceso-de-llamado-a-concurso-para-el-tribunal-de-cuentas","status":"publish","type":"post","link":"https:\/\/www.actualidadadiario.com\/index.php\/2016\/10\/14\/se-inicia-el-proceso-de-llamado-a-concurso-para-el-tribunal-de-cuentas\/","title":{"rendered":"Se inicia el proceso de llamado a concurso para el Tribunal de Cuentas"},"content":{"rendered":"<p><em><strong>El gobernador Gustavo Bordet instruy\u00f3 al presidente del Consejo de la Magistratura, Mart\u00edn Uranga, a iniciar el proceso de llamado a concurso para cubrir las vacantes en el Tribunal de Cuentas de la provincia. As\u00ed lo hizo saber el mandatario durante un encuentro con los presidentes de la Federaci\u00f3n Argentina de Colegios de Abogados (FACA), Eduardo Massot, y del Colegio de Abogados de Entre R\u00edos, Enrique Mart\u00ednez, con quienes dialog\u00f3 sobre distintos aspectos que hacen al servicio de justicia<\/strong><\/em><\/p>\n<p>&nbsp;<\/p>\n<p>&nbsp;<\/p>\n<p>&nbsp;<\/p>\n<p>&nbsp;<\/p>\n<p>De esta manera, y conforme al reglamento de la ley 10.436, el Poder Ejecutivo convoc\u00f3 al Jurado de Concurso, que presidir\u00e1 Uranga, para cubrir las vacantes del presidente del Tribunal, dos fiscales de cuentas abogados y un fiscal de cuentas contador. El jurado de seis miembros estar\u00e1 integrado por profesionales, acad\u00e9micos y representantes de asociaciones civiles.<\/p>\n<p>Cumplida la integraci\u00f3n del jurado el Poder Ejecutivo deber\u00e1 convocar a concurso p\u00fablico de oposici\u00f3n y antecedentes.<br \/>\n&#8220;Esto hace a la calidad democr\u00e1tica de una provincia, tener instituciones serias y que puedan ejercer cabalmente el mecanismo de contralor&#8221;, sostuvo el mandatario al definir como necesarios &#8220;mecanismos m\u00e1s \u00e1giles de control&#8221;.<\/p>\n<p>Luego de la salida de Guillermo Smaldone al frente del organismo de control, Bordet hab\u00eda designado en forma interina a Federico Tomas como presidente del Tribunal (el vocal con mayor antig\u00fcedad) hasta tanto se procediera a la elecci\u00f3n de la nueva autoridad por concurso.<br \/>\n\u201cQuienes tenemos responsabilidades en el Estado necesitamos un organismo de control consolidado, independiente, que nos audite permanentemente, que nos marque donde puede haber falencias para ratificarlas y para realizar las sanciones, en caso de que esto sea pertinente&#8221;, indic\u00f3.<\/p>\n<p>Sostuvo que &#8220;esto hace a la calidad democr\u00e1tica de una provincia. Tener instituciones serias y que puedan ejercer cabalmente el mecanismo de contralor. Necesitamos instituciones fortalecidas, que se desarrollen y act\u00faan en el marco de lo que prescribe nuestra Constituci\u00f3n&#8221;.<\/p>\n<p>&nbsp;<\/p>\n<p>&nbsp;<\/p>\n<p>&nbsp;<\/p>\n<p><strong>Servicio de justicia<\/strong><\/p>\n<p>Mart\u00ednez valor\u00f3 que en el encuentro \u201cel gobernador haya mencionado la situaci\u00f3n del Tribunal de Cuentas, la reglamentaci\u00f3n de su funcionamiento y la convocatoria inminente a concurso para el cargo de presidente del organismo, dentro de la legislaci\u00f3n que qued\u00f3 pendiente de ser reglamentada de la Constituci\u00f3n provincial. Tambi\u00e9n hablamos, tanto del servicio de justicia, como de diversos servicios administrativos que hacen a nuestro ejercicio profesional, como es el Registro Civil, la Direcci\u00f3n de Personas Jur\u00eddicas, el Registro de la Propiedad, el Sistema Penitenciario, el Consejo de la Magistratura y otros temas\u201d.<br \/>\n&nbsp;<\/p>\n<p>&nbsp;<\/p>\n<p>&nbsp;<br \/>\n<strong>Juzgados federales\u00a0<\/strong><\/p>\n<p>Por su parte, el titular de la FACA, Eduardo Massot, indic\u00f3 que \u201cacompa\u00f1amos al Colegio de Abogados de Entre R\u00edos porque uno de los temas a debatir en este encuentro es el de los juzgados federales en las distintas provincias. En particular hablamos con el gobernador la situaci\u00f3n de los juzgados federales en Entre R\u00edos, las vacantes que tienen, y vamos a acompa\u00f1ar el pedido que ha hecho el gobierno provincial al ministro de Justicia de la Naci\u00f3n, Germ\u00e1n Garavano, para la cobertura de estos cargos que est\u00e1n vacantes y, adem\u00e1s, hay juzgados creados que todav\u00eda no tienen jueces\u201d.<\/p>\n<p>\u201cNos pusimos a disposici\u00f3n para el mejoramiento del servicio de justicia en Entre R\u00edos. Cada provincia en su servicio de justicia puede ser perfectible y mejorable, pero sabemos que el Consejo de la Magistratura aqu\u00ed en la provincia est\u00e1 funcionando muy bien, se est\u00e1 llamando a concurso en todos los cargos que est\u00e1n vacantes\u201d, destac\u00f3 Massot.<\/p>\n<p>Durante el encuentro, los letrados invitaron al gobernador a participar del 12\u00ba Congreso Provincial de Derecho y 6\u00ba Congreso Entrerriano de Derecho del Trabajo, que se realizar\u00e1 en Concordia del 20 al 22 de octubre. La visita al gobernador se enmarc\u00f3 adem\u00e1s en la celebraci\u00f3n de la 3ra Junta de Gobierno de la Federaci\u00f3n Argentina de Colegios de Abogados (FACA), que se realiza en Paran\u00e1 este jueves y viernes, que congrega a 83 colegios de abogados de todo el pa\u00eds y donde se debaten las cuestiones que hacen a la abogac\u00eda organizada.<\/p>\n<p>En el encuentro estuvieron presentes el ministro de Gobierno, Mauro Urribarri; el fiscal de Estado, Julio Rodr\u00edguez Signes; el secretario de Justicia, Mart\u00edn Uranga, y el senador provincial Angel Giano, adem\u00e1s de otros miembros del Colegio de Abogados y de la comisi\u00f3n organizadora del congreso.<\/p>\n","protected":false},"excerpt":{"rendered":"<p>El gobernador Gustavo Bordet instruy\u00f3 al presidente del Consejo de la Magistratura, Mart\u00edn Uranga, a iniciar el proceso de llamado a concurso para cubrir las vacantes en el Tribunal de Cuentas de la provincia. As\u00ed lo hizo saber el mandatario durante un encuentro con los presidentes de la Federaci\u00f3n Argentina de Colegios de Abogados (FACA), Eduardo Massot, y del Colegio de Abogados de Entre R\u00edos, Enrique Mart\u00ednez, con quienes dialog\u00f3 sobre distintos aspectos que hacen al servicio de justicia &nbsp; &nbsp; &nbsp; &nbsp; De esta manera, y conforme al reglamento&#8230;<\/p>\n","protected":false},"author":3,"featured_media":2680,"comment_status":"closed","ping_status":"closed","sticky":false,"template":"","format":"standard","meta":[],"categories":[15],"tags":[],"_links":{"self":[{"href":"https:\/\/www.actualidadadiario.com\/index.php\/wp-json\/wp\/v2\/posts\/2679"}],"collection":[{"href":"https:\/\/www.actualidadadiario.com\/index.php\/wp-json\/wp\/v2\/posts"}],"about":[{"href":"https:\/\/www.actualidadadiario.com\/index.php\/wp-json\/wp\/v2\/types\/post"}],"author":[{"embeddable":true,"href":"https:\/\/www.actualidadadiario.com\/index.php\/wp-json\/wp\/v2\/users\/3"}],"replies":[{"embeddable":true,"href":"https:\/\/www.actualidadadiario.com\/index.php\/wp-json\/wp\/v2\/comments?post=2679"}],"version-history":[{"count":1,"href":"https:\/\/www.actualidadadiario.com\/index.php\/wp-json\/wp\/v2\/posts\/2679\/revisions"}],"predecessor-version":[{"id":2681,"href":"https:\/\/www.actualidadadiario.com\/index.php\/wp-json\/wp\/v2\/posts\/2679\/revisions\/2681"}],"wp:featuredmedia":[{"embeddable":true,"href":"https:\/\/www.actualidadadiario.com\/index.php\/wp-json\/wp\/v2\/media\/2680"}],"wp:attachment":[{"href":"https:\/\/www.actualidadadiario.com\/index.php\/wp-json\/wp\/v2\/media?parent=2679"}],"wp:term":[{"taxonomy":"category","embeddable":true,"href":"https:\/\/www.actualidadadiario.com\/index.php\/wp-json\/wp\/v2\/categories?post=2679"},{"taxonomy":"post_tag","embeddable":true,"href":"https:\/\/www.actualidadadiario.com\/index.php\/wp-json\/wp\/v2\/tags?post=2679"}],"curies":[{"name":"wp","href":"https:\/\/api.w.org\/{rel}","templated":true}]}}