{"id":2676,"date":"2016-10-14T09:09:47","date_gmt":"2016-10-14T12:09:47","guid":{"rendered":"http:\/\/actualidadadiario.com\/site\/?p=2676"},"modified":"2016-10-14T09:09:47","modified_gmt":"2016-10-14T12:09:47","slug":"como-abordar-conflictos-cotidianos-y-prevenir-la-violencia","status":"publish","type":"post","link":"https:\/\/www.actualidadadiario.com\/index.php\/2016\/10\/14\/como-abordar-conflictos-cotidianos-y-prevenir-la-violencia\/","title":{"rendered":"C\u00f3mo abordar conflictos cotidianos y prevenir la violencia"},"content":{"rendered":"<p><em><strong>El pr\u00f3ximo lunes se inicia la segunda parte del Ciclo Di\u00e1logos en la Comunidad, edici\u00f3n 2016, organizada por la Defensor\u00eda del Pueblo de la Ciudad de Paran\u00e1 a trav\u00e9s de su Centro de Mediaci\u00f3n Comunitaria. La actividad se desarrollar\u00e1 mediante dos talleres en octubre y dos, en noviembre, en base al objetivo fundamental del Ciclo iniciado en 2015 que consiste en promover acciones y reflexiones tendientes a facilitar recursos para el abordaje de los conflictos cotidianos y la prevenci\u00f3n de la violencia<\/strong><\/em><\/p>\n<p>&nbsp;<\/p>\n<p>&nbsp;<\/p>\n<p>&nbsp;<\/p>\n<p>La participaci\u00f3n en los talleres es abierta y gratuita y es intenci\u00f3n de la Defensor\u00eda del Pueblo invitar a la comunidad en general.<\/p>\n<p>&nbsp;<\/p>\n<p>El primer taller se iniciar\u00e1 el lunes 17 y el segundo, el 24 de octubre, y proponen\u00a0 la siguiente tem\u00e1tica: Los conflictos de la convivencia. Influencia de las emociones y percepciones.\u00a0 Herramientas de comunicaci\u00f3n. El abordaje estar\u00e1 a cargo de Irina Chausovsky, Coordinadora del Centro de Mediaci\u00f3n de la Defensor\u00eda del Pueblo, y tendr\u00e1 lugar en el anexo de la Facultad de Humanidades, Artes y Ciencias Sociales (FHAyCS) de la Universidad Aut\u00f3noma de Entre R\u00edos (UADER), en calle Urquiza 732, de 17 a 20.<\/p>\n<p>&nbsp;<\/p>\n<p>Los interesados pueden participar de los talleres en forma independiente uno de otros. Se solicita que se inscriban, en vista de que hay cupos limitados, escribiendo al mail dialogoscomunidad@gmail.com. Por consultas tambi\u00e9n podr\u00e1n comunicarse a ese correo, ir personalmente a Monte Caseros 161, sede del Centro de Mediaci\u00f3n, o llamar al n\u00famero telef\u00f3nico (0343) 4211029. El horario de atenci\u00f3n es de 8 a 13.<\/p>\n<p>&nbsp;<\/p>\n<p>En noviembre el ciclo contin\u00faa con dos encuentros en los que se abordar\u00e1: Saber estar en mi comunidad. Darse cuenta, hacerse cargo. Reflexiones desde la Gestalt. Los talleres se llevar\u00e1n a cabo los viernes 11 y 18 del pr\u00f3ximo mes en el Centro de D\u00eda Virgen de la Esperanza, en Avenida Selva de Montiel 1695. Estar\u00e1 a cargo de Leticia Costa, Viviana Poggio y Paola Silberman y tambi\u00e9n ser\u00e1 de 17 a 20. Para esta fase se reiterar\u00e1 la modalidad de inscripci\u00f3n: la inscripci\u00f3n se abrir\u00e1 en la \u00faltima semana de octubre.<\/p>\n<p>&nbsp;<\/p>\n<p>El Ciclo Di\u00e1logos en la Comunidad se inici\u00f3 en 2015 y continu\u00f3 en la primera parte de este a\u00f1o con un importante nivel de adhesi\u00f3n por parte de la ciudadan\u00eda: los casi quince talleres concretados contaron con salas repletas de asistentes. A lo largo del desarrollo de la actividad, el p\u00fablico ha sido heterog\u00e9neo: ha estado integrado\u00a0 por estudiantes, docentes, profesionales de distintas disciplinas y vecinos en general.<\/p>\n<p>&nbsp;<\/p>\n<p>Una particularidad en la instrumentaci\u00f3n del Ciclo en 2016 consiste en que recorre la ciudad, va cambiando de lugares y barrios. As\u00ed, en mayo comenz\u00f3 un m\u00f3dulo de tres talleres sobre Programaci\u00f3n Neuroling\u00fc\u00edstica, en la Asociaci\u00f3n Barriletes, y otros tres sobre Biodanza se concretaron en junio,\u00a0 en la Escuela N\u00ba 190 Obispo Gelabert y Crespo.<\/p>\n","protected":false},"excerpt":{"rendered":"<p>El pr\u00f3ximo lunes se inicia la segunda parte del Ciclo Di\u00e1logos en la Comunidad, edici\u00f3n 2016, organizada por la Defensor\u00eda del Pueblo de la Ciudad de Paran\u00e1 a trav\u00e9s de su Centro de Mediaci\u00f3n Comunitaria. La actividad se desarrollar\u00e1 mediante dos talleres en octubre y dos, en noviembre, en base al objetivo fundamental del Ciclo iniciado en 2015 que consiste en promover acciones y reflexiones tendientes a facilitar recursos para el abordaje de los conflictos cotidianos y la prevenci\u00f3n de la violencia &nbsp; &nbsp; &nbsp; La participaci\u00f3n en los talleres&#8230;<\/p>\n","protected":false},"author":3,"featured_media":2677,"comment_status":"closed","ping_status":"closed","sticky":false,"template":"","format":"standard","meta":[],"categories":[15],"tags":[],"_links":{"self":[{"href":"https:\/\/www.actualidadadiario.com\/index.php\/wp-json\/wp\/v2\/posts\/2676"}],"collection":[{"href":"https:\/\/www.actualidadadiario.com\/index.php\/wp-json\/wp\/v2\/posts"}],"about":[{"href":"https:\/\/www.actualidadadiario.com\/index.php\/wp-json\/wp\/v2\/types\/post"}],"author":[{"embeddable":true,"href":"https:\/\/www.actualidadadiario.com\/index.php\/wp-json\/wp\/v2\/users\/3"}],"replies":[{"embeddable":true,"href":"https:\/\/www.actualidadadiario.com\/index.php\/wp-json\/wp\/v2\/comments?post=2676"}],"version-history":[{"count":1,"href":"https:\/\/www.actualidadadiario.com\/index.php\/wp-json\/wp\/v2\/posts\/2676\/revisions"}],"predecessor-version":[{"id":2678,"href":"https:\/\/www.actualidadadiario.com\/index.php\/wp-json\/wp\/v2\/posts\/2676\/revisions\/2678"}],"wp:featuredmedia":[{"embeddable":true,"href":"https:\/\/www.actualidadadiario.com\/index.php\/wp-json\/wp\/v2\/media\/2677"}],"wp:attachment":[{"href":"https:\/\/www.actualidadadiario.com\/index.php\/wp-json\/wp\/v2\/media?parent=2676"}],"wp:term":[{"taxonomy":"category","embeddable":true,"href":"https:\/\/www.actualidadadiario.com\/index.php\/wp-json\/wp\/v2\/categories?post=2676"},{"taxonomy":"post_tag","embeddable":true,"href":"https:\/\/www.actualidadadiario.com\/index.php\/wp-json\/wp\/v2\/tags?post=2676"}],"curies":[{"name":"wp","href":"https:\/\/api.w.org\/{rel}","templated":true}]}}