{"id":2670,"date":"2016-10-14T09:08:02","date_gmt":"2016-10-14T12:08:02","guid":{"rendered":"http:\/\/actualidadadiario.com\/site\/?p=2670"},"modified":"2016-10-14T09:08:02","modified_gmt":"2016-10-14T12:08:02","slug":"se-avanza-en-la-ampliacion-de-la-base-tributaria","status":"publish","type":"post","link":"https:\/\/www.actualidadadiario.com\/index.php\/2016\/10\/14\/se-avanza-en-la-ampliacion-de-la-base-tributaria\/","title":{"rendered":"Se avanza en la ampliaci\u00f3n de la Base Tributaria"},"content":{"rendered":"<p><em><strong>A trav\u00e9s de la articulaci\u00f3n con municipios, se apunta al cruzamiento de datos catastrales. Tras la adhesi\u00f3n de Concordia, Uruguay, Gualeguaych\u00fa y Villaguay. En el marco del eje de trabajo con municipios, esta semana adhiri\u00f3 a esta iniciativa de la ATER el Municipio de San Salvador, avanzando de este modo en la ampliaci\u00f3n de la base tributaria a trav\u00e9s del cruce masivo de las bases de datos catastrales<\/strong><\/em><\/p>\n<p>&nbsp;<\/p>\n<p>&nbsp;<\/p>\n<p>&nbsp;<\/p>\n<p>Tras las modificaciones a la ley de valuaciones, aprobada en la legislatura d\u00edas atr\u00e1s, y que permite a la provincia corregir desv\u00edos en la aplicaci\u00f3n del impuesto inmobiliario a partir del cruzamiento de datos parcelarios y dominiales con los catastros comunales, el director Ejecutivo de la ATER, Sergio Granetto, valor\u00f3 positivamente los avances por cuanto \u201cse trata de un pedido claro del gobernador en materia de ampliar tributaria y trabajar en conjunto con los municipios que se van comprometiendo en ese trabajo conjunto&#8221;. Y agreg\u00f3: &#8220;Celebramos la voluntad pol\u00edtica de los intendentes de adherir a esta iniciativa e involucrar a sus equipos de trabajo, que no tiene otro objetivo que corregir las inequidades entre quienes pagan como corresponden y quienes no, a su vez que implican m\u00e1s recursos para las comunas&#8221;.<\/p>\n<p>Por su parte, el director de Catastro, Javier Rabbia, record\u00f3 que dentro del programa &#8220;Mejoras Declaradas que contiene los acuerdos ya se encuentran adheridas las comunas de Concordia, Gualeguaych\u00fa, Villaguay, Uruguay quedando pendiente a\u00fan la de Paran\u00e1\u201d, entre los municipios m\u00e1s importantes.<\/p>\n<p>Del encuentro, participaron el director Ejecutivo de ATER, Sergio Granetto; el Presidente Municipal de San Salvador, Marcelo Berthet; el senador Lucas Larrarte; y el director de Catastro, Javier Rabbia.<\/p>\n","protected":false},"excerpt":{"rendered":"<p>A trav\u00e9s de la articulaci\u00f3n con municipios, se apunta al cruzamiento de datos catastrales. Tras la adhesi\u00f3n de Concordia, Uruguay, Gualeguaych\u00fa y Villaguay. En el marco del eje de trabajo con municipios, esta semana adhiri\u00f3 a esta iniciativa de la ATER el Municipio de San Salvador, avanzando de este modo en la ampliaci\u00f3n de la base tributaria a trav\u00e9s del cruce masivo de las bases de datos catastrales &nbsp; &nbsp; &nbsp; Tras las modificaciones a la ley de valuaciones, aprobada en la legislatura d\u00edas atr\u00e1s, y que permite a la&#8230;<\/p>\n","protected":false},"author":3,"featured_media":2671,"comment_status":"closed","ping_status":"closed","sticky":false,"template":"","format":"standard","meta":[],"categories":[9],"tags":[],"_links":{"self":[{"href":"https:\/\/www.actualidadadiario.com\/index.php\/wp-json\/wp\/v2\/posts\/2670"}],"collection":[{"href":"https:\/\/www.actualidadadiario.com\/index.php\/wp-json\/wp\/v2\/posts"}],"about":[{"href":"https:\/\/www.actualidadadiario.com\/index.php\/wp-json\/wp\/v2\/types\/post"}],"author":[{"embeddable":true,"href":"https:\/\/www.actualidadadiario.com\/index.php\/wp-json\/wp\/v2\/users\/3"}],"replies":[{"embeddable":true,"href":"https:\/\/www.actualidadadiario.com\/index.php\/wp-json\/wp\/v2\/comments?post=2670"}],"version-history":[{"count":1,"href":"https:\/\/www.actualidadadiario.com\/index.php\/wp-json\/wp\/v2\/posts\/2670\/revisions"}],"predecessor-version":[{"id":2672,"href":"https:\/\/www.actualidadadiario.com\/index.php\/wp-json\/wp\/v2\/posts\/2670\/revisions\/2672"}],"wp:featuredmedia":[{"embeddable":true,"href":"https:\/\/www.actualidadadiario.com\/index.php\/wp-json\/wp\/v2\/media\/2671"}],"wp:attachment":[{"href":"https:\/\/www.actualidadadiario.com\/index.php\/wp-json\/wp\/v2\/media?parent=2670"}],"wp:term":[{"taxonomy":"category","embeddable":true,"href":"https:\/\/www.actualidadadiario.com\/index.php\/wp-json\/wp\/v2\/categories?post=2670"},{"taxonomy":"post_tag","embeddable":true,"href":"https:\/\/www.actualidadadiario.com\/index.php\/wp-json\/wp\/v2\/tags?post=2670"}],"curies":[{"name":"wp","href":"https:\/\/api.w.org\/{rel}","templated":true}]}}