{"id":267,"date":"2016-08-24T09:04:10","date_gmt":"2016-08-24T12:04:10","guid":{"rendered":"http:\/\/actualidadadiario.com\/site\/?p=267"},"modified":"2016-08-24T09:04:10","modified_gmt":"2016-08-24T12:04:10","slug":"las-pymes-entrerrianas-cuestionaron-el-fallo-de-la-corte-y-al-gobierno-nacional-por-asfixiar-al-sector","status":"publish","type":"post","link":"https:\/\/www.actualidadadiario.com\/index.php\/2016\/08\/24\/las-pymes-entrerrianas-cuestionaron-el-fallo-de-la-corte-y-al-gobierno-nacional-por-asfixiar-al-sector\/","title":{"rendered":"Las pymes entrerrianas cuestionaron el fallo de la Corte y al Gobierno nacional por \u201casfixiar\u201d al sector"},"content":{"rendered":"<p><em><strong>El secretario de la Asamblea de Peque\u00f1os y Medianos Empresarios (Apyme) Entre R\u00edos, Alfredo Ca\u00edno, cuestion\u00f3 el fallo de la Corte Suprema de Justicia por excluir al sector del fallo que orden\u00f3 suspender la suba del gas y adelant\u00f3 que presentar\u00e1n un amparo. Tambi\u00e9n cuestion\u00f3 duramente las pol\u00edticas del Gobierno nacional: \u201cNos est\u00e1 asfixiando\u201d,\u00a0 enfatiz\u00f3. Las ventas tuvieron una baja cercana al 30 por ciento<\/strong><\/em><\/p>\n<p><strong>\u00a0<\/strong><\/p>\n<p><strong>\u00a0<\/strong><\/p>\n<p>El dirigente de la entidad critic\u00f3 el fallo de la Corte Suprema de Justicia\u00a0por el fallo sobre la tarifa del gas y arremeti\u00f3 contra las pol\u00edticas que viene implementando el Gobierno nacional. Advirti\u00f3 que \u201clas pymes est\u00e1n atravesando por un momento realmente complicado\u201d y sostuvo: \u201cLa decisi\u00f3n de la Corte nos deja afuera y nos pone en un contexto que se viene reiterando en el pa\u00eds con las medidas que viene tomando el presidente Mauricio Macri\u201d.<\/p>\n<p>\u201cLas pymes vienen a ser un sector que no est\u00e1 en la agenda de la estrategia del Gobierno, y pareciera que tampoco est\u00e1 en las consideraciones que tuvo la Corte al excluirnos de la suspensi\u00f3n del aumento, que se limita s\u00f3lo a los usuarios residenciales\u201d, asever\u00f3.<\/p>\n<p>En este sentido, Alfredo Ca\u00edno adelant\u00f3 que desde Apyme a nivel nacional se resolvi\u00f3 \u201cpresentar un amparo\u00a0en los pr\u00f3ximos d\u00edas para poner a las pymes en el lugar que corresponde, de emergencia econ\u00f3mica, tal como lo venimos planteando\u201d.<\/p>\n<p>Adem\u00e1s inform\u00f3 que la entidad participar\u00e1 de la audiencia p\u00fablica, prevista para el 16 de septiembre: \u201cVamos a ir con esta posici\u00f3n e insistiremos en que se considere nuestra situaci\u00f3n, ya que no aguantamos m\u00e1s\u201d, dijo.<\/p>\n<p>Al dar cuenta de la cr\u00edtica situaci\u00f3n por la que est\u00e1 atravesando el sector de las peque\u00f1as y medianas empresas, Alfredo Ca\u00edno manifest\u00f3: \u201cEl incremento del gas y de otros servicios, el aumento de los costos de producci\u00f3n en general, la suba de los insumos y del costo de la mano de obra, el ajuste de las pol\u00edticas impositivas, y la reducci\u00f3n de la capacidad de consumo genera un combo mortal\u201d.<\/p>\n<p>En este marco, \u201cla suba de la tarifa de gas es una gota m\u00e1s que impacta en el sector\u201d, sobre todo en algunos como las panader\u00edas, los gastron\u00f3micos, las metal\u00fargicas, etc, que \u201csufrieron aumentos imposibles de sostener\u201d, explic\u00f3.<\/p>\n<p>\u201cSon muchas las pymes que est\u00e1n atravesando por momentos l\u00edmite y, en un contexto en el que no hay consumo, cuesta sostener las estructuras, es decir, mantener las empresas abiertas con la gente trabajando\u201d, advirti\u00f3 el directivo de Apyme, quien agreg\u00f3: \u201cTampoco podemos pedir cr\u00e9ditos a los bancos porque los intereses son usurarios producto de las pol\u00edticas del Banco Central\u201d.<\/p>\n<p>Teniendo en cuenta que \u201clas pymes generan entre el 75 y el 80 por ciento del empleo en el pa\u00eds\u201d, Ca\u00edno asegur\u00f3 a esta Agencia: \u201cApelamos a que el Gobierno nacional recapacite sobre la estrategia que est\u00e1 implementando, que apunta a la reducci\u00f3n del mercado interno y a fortalecer a las grandes empresas y a los grandes bancos\u201d.<\/p>\n<p>\u201cHay una tendencia a generar una mayor concentraci\u00f3n de la econom\u00eda con un perjuicio evidente a todos los sectores pymes, que ya no soportan esta situaci\u00f3n. Nos est\u00e1n asfixiando\u201d, subray\u00f3, al tiempo que expres\u00f3: \u201cSe hace imposible sostenernos, en el marco una restricci\u00f3n del mercado interno que tiene como consecuencia una reducci\u00f3n notable en el nivel de ventas\u201d.<\/p>\n<p>Finalmente y en este sentido, Ca\u00edno se\u00f1al\u00f3: \u201cSeg\u00fan datos a los que accedi\u00f3 Apyme, en Entre R\u00edos la reducci\u00f3n de ventas ronda entre 25 y el 30 por ciento en relaci\u00f3n al mismo periodo del a\u00f1o pasado\u201d y hay preocupaci\u00f3n por el cierre de empresas.<\/p>\n","protected":false},"excerpt":{"rendered":"<p>El secretario de la Asamblea de Peque\u00f1os y Medianos Empresarios (Apyme) Entre R\u00edos, Alfredo Ca\u00edno, cuestion\u00f3 el fallo de la Corte Suprema de Justicia por excluir al sector del fallo que orden\u00f3 suspender la suba del gas y adelant\u00f3 que presentar\u00e1n un amparo. Tambi\u00e9n cuestion\u00f3 duramente las pol\u00edticas del Gobierno nacional: \u201cNos est\u00e1 asfixiando\u201d,\u00a0 enfatiz\u00f3. Las ventas tuvieron una baja cercana al 30 por ciento \u00a0 \u00a0 El dirigente de la entidad critic\u00f3 el fallo de la Corte Suprema de Justicia\u00a0por el fallo sobre la tarifa del gas y arremeti\u00f3&#8230;<\/p>\n","protected":false},"author":3,"featured_media":268,"comment_status":"closed","ping_status":"open","sticky":false,"template":"","format":"standard","meta":[],"categories":[15,4],"tags":[],"_links":{"self":[{"href":"https:\/\/www.actualidadadiario.com\/index.php\/wp-json\/wp\/v2\/posts\/267"}],"collection":[{"href":"https:\/\/www.actualidadadiario.com\/index.php\/wp-json\/wp\/v2\/posts"}],"about":[{"href":"https:\/\/www.actualidadadiario.com\/index.php\/wp-json\/wp\/v2\/types\/post"}],"author":[{"embeddable":true,"href":"https:\/\/www.actualidadadiario.com\/index.php\/wp-json\/wp\/v2\/users\/3"}],"replies":[{"embeddable":true,"href":"https:\/\/www.actualidadadiario.com\/index.php\/wp-json\/wp\/v2\/comments?post=267"}],"version-history":[{"count":1,"href":"https:\/\/www.actualidadadiario.com\/index.php\/wp-json\/wp\/v2\/posts\/267\/revisions"}],"predecessor-version":[{"id":269,"href":"https:\/\/www.actualidadadiario.com\/index.php\/wp-json\/wp\/v2\/posts\/267\/revisions\/269"}],"wp:featuredmedia":[{"embeddable":true,"href":"https:\/\/www.actualidadadiario.com\/index.php\/wp-json\/wp\/v2\/media\/268"}],"wp:attachment":[{"href":"https:\/\/www.actualidadadiario.com\/index.php\/wp-json\/wp\/v2\/media?parent=267"}],"wp:term":[{"taxonomy":"category","embeddable":true,"href":"https:\/\/www.actualidadadiario.com\/index.php\/wp-json\/wp\/v2\/categories?post=267"},{"taxonomy":"post_tag","embeddable":true,"href":"https:\/\/www.actualidadadiario.com\/index.php\/wp-json\/wp\/v2\/tags?post=267"}],"curies":[{"name":"wp","href":"https:\/\/api.w.org\/{rel}","templated":true}]}}