{"id":2667,"date":"2016-10-14T09:07:14","date_gmt":"2016-10-14T12:07:14","guid":{"rendered":"http:\/\/actualidadadiario.com\/site\/?p=2667"},"modified":"2016-10-14T09:07:14","modified_gmt":"2016-10-14T12:07:14","slug":"bordet-analizo-el-proyecto-de-presupuesto-nacional-con-senadores-entrerrianos","status":"publish","type":"post","link":"https:\/\/www.actualidadadiario.com\/index.php\/2016\/10\/14\/bordet-analizo-el-proyecto-de-presupuesto-nacional-con-senadores-entrerrianos\/","title":{"rendered":"Bordet analiz\u00f3 el proyecto de presupuesto nacional con senadores entrerrianos"},"content":{"rendered":"<p><em><strong>Para analizar el proyecto de presupuesto nacional 2017, el gobernador de Entre R\u00edos, Gustavo Bordet, se reuni\u00f3 con la senadora nacional Sigrid Kunath en la Casa de Entre R\u00edos en Buenos Aires. Tambi\u00e9n abordaron otros temas de la agenda legislativa, el proyecto de presupuesto provincial para el a\u00f1o que viene, y las pol\u00edticas de prevenci\u00f3n y erradicaci\u00f3n de las violencias<\/strong><\/em><\/p>\n<p>&nbsp;<\/p>\n<p>&nbsp;<\/p>\n<p>&nbsp;<\/p>\n<p>&nbsp;<\/p>\n<p>&#8220;Es una de las reuniones que habitualmente tenemos con nuestro gobernador Gustavo Bordet&#8221;, explic\u00f3 al t\u00e9rmino del encuentro la legisladora, y &#8220;fundamentalmente en esta ocasi\u00f3n atendiendo a la agenda legislativa del congreso nacional que por estos d\u00edas estamos ya en tratamiento del presupuesto&#8221;.<\/p>\n<p>En cuanto a los objetivos del encuentro, Kunath se\u00f1al\u00f3 que se trata de &#8220;intercambiar ideas sobre aspectos t\u00e9cnicos del presupuesto que tambi\u00e9n lo hemos venido conversando con nuestro ministro de Econom\u00eda, Hugo Ballay, y con nuestro gobernador, y tambi\u00e9n tomando conocimiento de las precisiones en cuanto al presupuesto provincial pr\u00f3ximo a remitirse a la legislatura de la provincia de Entre R\u00edos&#8221;.<\/p>\n<p>El encuentro &#8220;forma parte de las reuniones que tenemos habitualmente con el gobernador para intercambiar opiniones, para expresar nuestra opini\u00f3n sobre distintos temas, comentarle tambi\u00e9n de nuestro trabajo en el senado&#8221;, detall\u00f3 Kunath.<\/p>\n<p>Adem\u00e1s, la senadora nacional hizo referencia al trabajo que se viene desarrollando en la provincia a trav\u00e9s del Consejo de Prevenci\u00f3n de la Violencia (Coprev). En ese sentido explic\u00f3 que se encuentran &#8220;el trabajo en el territorio, en lo que hace al fortalecimiento del trabajo en el Hogar In\u00e9s Londra, y del trabajo articulado a trav\u00e9s del Coprev. As\u00ed que tambi\u00e9n intercambiamos opiniones en relaci\u00f3n a estos temas&#8221;.<\/p>\n","protected":false},"excerpt":{"rendered":"<p>Para analizar el proyecto de presupuesto nacional 2017, el gobernador de Entre R\u00edos, Gustavo Bordet, se reuni\u00f3 con la senadora nacional Sigrid Kunath en la Casa de Entre R\u00edos en Buenos Aires. Tambi\u00e9n abordaron otros temas de la agenda legislativa, el proyecto de presupuesto provincial para el a\u00f1o que viene, y las pol\u00edticas de prevenci\u00f3n y erradicaci\u00f3n de las violencias &nbsp; &nbsp; &nbsp; &nbsp; &#8220;Es una de las reuniones que habitualmente tenemos con nuestro gobernador Gustavo Bordet&#8221;, explic\u00f3 al t\u00e9rmino del encuentro la legisladora, y &#8220;fundamentalmente en esta ocasi\u00f3n atendiendo&#8230;<\/p>\n","protected":false},"author":3,"featured_media":2668,"comment_status":"closed","ping_status":"closed","sticky":false,"template":"","format":"standard","meta":[],"categories":[15],"tags":[],"_links":{"self":[{"href":"https:\/\/www.actualidadadiario.com\/index.php\/wp-json\/wp\/v2\/posts\/2667"}],"collection":[{"href":"https:\/\/www.actualidadadiario.com\/index.php\/wp-json\/wp\/v2\/posts"}],"about":[{"href":"https:\/\/www.actualidadadiario.com\/index.php\/wp-json\/wp\/v2\/types\/post"}],"author":[{"embeddable":true,"href":"https:\/\/www.actualidadadiario.com\/index.php\/wp-json\/wp\/v2\/users\/3"}],"replies":[{"embeddable":true,"href":"https:\/\/www.actualidadadiario.com\/index.php\/wp-json\/wp\/v2\/comments?post=2667"}],"version-history":[{"count":1,"href":"https:\/\/www.actualidadadiario.com\/index.php\/wp-json\/wp\/v2\/posts\/2667\/revisions"}],"predecessor-version":[{"id":2669,"href":"https:\/\/www.actualidadadiario.com\/index.php\/wp-json\/wp\/v2\/posts\/2667\/revisions\/2669"}],"wp:featuredmedia":[{"embeddable":true,"href":"https:\/\/www.actualidadadiario.com\/index.php\/wp-json\/wp\/v2\/media\/2668"}],"wp:attachment":[{"href":"https:\/\/www.actualidadadiario.com\/index.php\/wp-json\/wp\/v2\/media?parent=2667"}],"wp:term":[{"taxonomy":"category","embeddable":true,"href":"https:\/\/www.actualidadadiario.com\/index.php\/wp-json\/wp\/v2\/categories?post=2667"},{"taxonomy":"post_tag","embeddable":true,"href":"https:\/\/www.actualidadadiario.com\/index.php\/wp-json\/wp\/v2\/tags?post=2667"}],"curies":[{"name":"wp","href":"https:\/\/api.w.org\/{rel}","templated":true}]}}