{"id":2664,"date":"2016-10-14T09:06:31","date_gmt":"2016-10-14T12:06:31","guid":{"rendered":"http:\/\/actualidadadiario.com\/site\/?p=2664"},"modified":"2016-10-14T09:06:31","modified_gmt":"2016-10-14T12:06:31","slug":"prosigue-este-viernes-en-parana-un-encuentro-de-colegios-de-abogados-de-todo-el-pais","status":"publish","type":"post","link":"https:\/\/www.actualidadadiario.com\/index.php\/2016\/10\/14\/prosigue-este-viernes-en-parana-un-encuentro-de-colegios-de-abogados-de-todo-el-pais\/","title":{"rendered":"Prosigue este viernes en Paran\u00e1 un encuentro de colegios de abogados de todo el pa\u00eds"},"content":{"rendered":"<p><strong><em>En el marco de la Tercera Junta de Gobierno de la Federaci\u00f3n Argentina de Colegios de Abogados (FACA), contin\u00faa este viernes en Paran\u00e1 un importante encuentro que congrega a 83 colegios de todo el pa\u00eds. Debaten sobre temas que hacen a la abogac\u00eda organizada<\/em><\/strong><\/p>\n<p><em>\u00a0<\/em><\/p>\n<p>&nbsp;<\/p>\n<p>&nbsp;<\/p>\n<p>Este viernes se llevar\u00e1 a cabo la segunda jornada de la Tercera Junta de Gobierno de la Federaci\u00f3n Argentina de Colegios de Abogados (FACA) en Paran\u00e1, que congrega a 83 colegios de abogados de la Argentina.<\/p>\n<p>&nbsp;<\/p>\n<p>Ser\u00e1 a partir de las 11 en el sal\u00f3n de eventos La Candela, ubicado en Av. Uranga antes del acceso al T\u00fanel Subfluvial, informaron desde el Colegio de Abogados de Entre R\u00edos.<\/p>\n<p>&nbsp;<\/p>\n<p>&nbsp;<\/p>\n<p>&nbsp;<\/p>\n<p><strong>Reuni\u00f3n con Bordet<\/strong><\/p>\n<p>Cabe destacar que este jueves, el Gobernador Gustavo Bordet recibi\u00f3 a los presidentes de la Federaci\u00f3n Argentina de Colegios de Abogados (FACA), Eduardo Massot, y del Colegio de Abogados de Entre R\u00edos (CAER), Enrique Marciano Mart\u00ednez, con quienes dialog\u00f3 sobre distintos aspectos que hacen al servicio de justicia.<\/p>\n<p>&nbsp;<\/p>\n<p>En este sentido, Mart\u00ednez indic\u00f3 que en el encuentro \u201cdialogamos, tanto del servicio de justicia, como de diversos servicios administrativos que hacen a nuestro ejercicio profesional, como es el Registro Civil, la Direcci\u00f3n de Personas Jur\u00eddicas, el Registro de la Propiedad, el Sistema Penitenciario, el Consejo de la Magistratura y dem\u00e1s\u201d.<\/p>\n<p>&nbsp;<\/p>\n<p>Por su parte, el titular de la FACA, Eduardo Massot, indic\u00f3 que \u201cacompa\u00f1amos al Colegio de Abogados de Entre R\u00edos porque uno de los temas a debatir en este encuentro es el de los juzgados federales en las distintas provincias. En particular hablamos con el gobernador la situaci\u00f3n de los juzgados federales en Entre R\u00edos, las vacantes que tienen, y vamos a acompa\u00f1ar el pedido que ha hecho el gobierno provincial al ministro de Justicia de la Naci\u00f3n, Germ\u00e1n Garavano, para la cobertura de estos cargos que est\u00e1n vacantes y, adem\u00e1s, hay juzgados creados que todav\u00eda no tienen jueces\u201d.<\/p>\n<p>&nbsp;<\/p>\n<p>De la reuni\u00f3n, adem\u00e1s participaron Elena Paulino y Daniel Galizzi, vicepresidenta y secretario del Colegio de Abogados de Entre R\u00edos, respectivamente y Silvio Rugolotto, tesorero de la Comisi\u00f3n Organizadora del 12\u00ba Congreso Provincial de Derecho.<\/p>\n","protected":false},"excerpt":{"rendered":"<p>En el marco de la Tercera Junta de Gobierno de la Federaci\u00f3n Argentina de Colegios de Abogados (FACA), contin\u00faa este viernes en Paran\u00e1 un importante encuentro que congrega a 83 colegios de todo el pa\u00eds. Debaten sobre temas que hacen a la abogac\u00eda organizada \u00a0 &nbsp; &nbsp; Este viernes se llevar\u00e1 a cabo la segunda jornada de la Tercera Junta de Gobierno de la Federaci\u00f3n Argentina de Colegios de Abogados (FACA) en Paran\u00e1, que congrega a 83 colegios de abogados de la Argentina. &nbsp; Ser\u00e1 a partir de las 11&#8230;<\/p>\n","protected":false},"author":3,"featured_media":2665,"comment_status":"closed","ping_status":"closed","sticky":false,"template":"","format":"standard","meta":[],"categories":[15],"tags":[],"_links":{"self":[{"href":"https:\/\/www.actualidadadiario.com\/index.php\/wp-json\/wp\/v2\/posts\/2664"}],"collection":[{"href":"https:\/\/www.actualidadadiario.com\/index.php\/wp-json\/wp\/v2\/posts"}],"about":[{"href":"https:\/\/www.actualidadadiario.com\/index.php\/wp-json\/wp\/v2\/types\/post"}],"author":[{"embeddable":true,"href":"https:\/\/www.actualidadadiario.com\/index.php\/wp-json\/wp\/v2\/users\/3"}],"replies":[{"embeddable":true,"href":"https:\/\/www.actualidadadiario.com\/index.php\/wp-json\/wp\/v2\/comments?post=2664"}],"version-history":[{"count":1,"href":"https:\/\/www.actualidadadiario.com\/index.php\/wp-json\/wp\/v2\/posts\/2664\/revisions"}],"predecessor-version":[{"id":2666,"href":"https:\/\/www.actualidadadiario.com\/index.php\/wp-json\/wp\/v2\/posts\/2664\/revisions\/2666"}],"wp:featuredmedia":[{"embeddable":true,"href":"https:\/\/www.actualidadadiario.com\/index.php\/wp-json\/wp\/v2\/media\/2665"}],"wp:attachment":[{"href":"https:\/\/www.actualidadadiario.com\/index.php\/wp-json\/wp\/v2\/media?parent=2664"}],"wp:term":[{"taxonomy":"category","embeddable":true,"href":"https:\/\/www.actualidadadiario.com\/index.php\/wp-json\/wp\/v2\/categories?post=2664"},{"taxonomy":"post_tag","embeddable":true,"href":"https:\/\/www.actualidadadiario.com\/index.php\/wp-json\/wp\/v2\/tags?post=2664"}],"curies":[{"name":"wp","href":"https:\/\/api.w.org\/{rel}","templated":true}]}}