{"id":2658,"date":"2016-10-14T09:04:27","date_gmt":"2016-10-14T12:04:27","guid":{"rendered":"http:\/\/actualidadadiario.com\/site\/?p=2658"},"modified":"2016-10-14T09:04:27","modified_gmt":"2016-10-14T12:04:27","slug":"drean-suspende-a-1-500-empleados","status":"publish","type":"post","link":"https:\/\/www.actualidadadiario.com\/index.php\/2016\/10\/14\/drean-suspende-a-1-500-empleados\/","title":{"rendered":"Drean suspende a 1.500 empleados"},"content":{"rendered":"<p><em><strong>La f\u00e1brica de lavarropas y lavavajillas argumenta una ca\u00edda en la demanda para tomar esta medida. Hace cuatro meses el Presidente visit\u00f3 la empresa en C\u00f3rdoba<\/strong><\/em><\/p>\n<p>&nbsp;<\/p>\n<p>&nbsp;<\/p>\n<p>&nbsp;<\/p>\n<p>La f\u00e1brica de lavarropas y lavavajillas Drean cerrar\u00e1 por una semana dos plantas de C\u00f3rdoba por un exceso de mercader\u00eda ante una ca\u00edda en la demanda, lo cual impactar\u00e1 en alrededor de 1.500 trabajadores que ser\u00e1n suspendidos durante esos d\u00edas, a s\u00f3lo cuatro meses de la visita de Mauricio Macri a la planta.<\/p>\n<p>&nbsp;<\/p>\n<p>Fuentes de la Uni\u00f3n Obrera Metal\u00fargica (UOM) de C\u00f3rdoba se\u00f1alaron, en di\u00e1logo con la agencia NA, que representantes del gremio se reunir\u00e1n con autoridades de la firma para analizar la situaci\u00f3n ya que hasta el momento no fueron notificados formalmente sobre la suspensi\u00f3n. Evaluaron, adem\u00e1s, que la medida es una &#8220;manera de evitar despidos&#8221;.<\/p>\n<p>&nbsp;<\/p>\n<p>Seg\u00fan se espera, el freno en la actividad en ambas plantas se concretar\u00e1 entre el 31 y el 6 de octubre ante una alica\u00edda demanda en medio de un escenario econ\u00f3mico recesivo.<\/p>\n<p>&nbsp;<\/p>\n<p>Hace tan s\u00f3lo unos d\u00edas el gigante alimenticio Arcor anunci\u00f3 que anticipar\u00e1 las vacaciones de unos 400 trabajadores debido a la ca\u00edda de la producci\u00f3n por una fuerte baja en sus ventas.<\/p>\n<p>&nbsp;<\/p>\n<p>Mientras que hace casi dos meses la f\u00e1brica de heladeras Finpak suspendi\u00f3 a sus 90 empleados de Catamarca por diez d\u00edas debido a la acumulaci\u00f3n de stock por la ca\u00edda de ventas en el mercado interno.<\/p>\n","protected":false},"excerpt":{"rendered":"<p>La f\u00e1brica de lavarropas y lavavajillas argumenta una ca\u00edda en la demanda para tomar esta medida. Hace cuatro meses el Presidente visit\u00f3 la empresa en C\u00f3rdoba &nbsp; &nbsp; &nbsp; La f\u00e1brica de lavarropas y lavavajillas Drean cerrar\u00e1 por una semana dos plantas de C\u00f3rdoba por un exceso de mercader\u00eda ante una ca\u00edda en la demanda, lo cual impactar\u00e1 en alrededor de 1.500 trabajadores que ser\u00e1n suspendidos durante esos d\u00edas, a s\u00f3lo cuatro meses de la visita de Mauricio Macri a la planta. &nbsp; Fuentes de la Uni\u00f3n Obrera Metal\u00fargica (UOM)&#8230;<\/p>\n","protected":false},"author":3,"featured_media":2659,"comment_status":"closed","ping_status":"closed","sticky":false,"template":"","format":"standard","meta":[],"categories":[2],"tags":[],"_links":{"self":[{"href":"https:\/\/www.actualidadadiario.com\/index.php\/wp-json\/wp\/v2\/posts\/2658"}],"collection":[{"href":"https:\/\/www.actualidadadiario.com\/index.php\/wp-json\/wp\/v2\/posts"}],"about":[{"href":"https:\/\/www.actualidadadiario.com\/index.php\/wp-json\/wp\/v2\/types\/post"}],"author":[{"embeddable":true,"href":"https:\/\/www.actualidadadiario.com\/index.php\/wp-json\/wp\/v2\/users\/3"}],"replies":[{"embeddable":true,"href":"https:\/\/www.actualidadadiario.com\/index.php\/wp-json\/wp\/v2\/comments?post=2658"}],"version-history":[{"count":1,"href":"https:\/\/www.actualidadadiario.com\/index.php\/wp-json\/wp\/v2\/posts\/2658\/revisions"}],"predecessor-version":[{"id":2660,"href":"https:\/\/www.actualidadadiario.com\/index.php\/wp-json\/wp\/v2\/posts\/2658\/revisions\/2660"}],"wp:featuredmedia":[{"embeddable":true,"href":"https:\/\/www.actualidadadiario.com\/index.php\/wp-json\/wp\/v2\/media\/2659"}],"wp:attachment":[{"href":"https:\/\/www.actualidadadiario.com\/index.php\/wp-json\/wp\/v2\/media?parent=2658"}],"wp:term":[{"taxonomy":"category","embeddable":true,"href":"https:\/\/www.actualidadadiario.com\/index.php\/wp-json\/wp\/v2\/categories?post=2658"},{"taxonomy":"post_tag","embeddable":true,"href":"https:\/\/www.actualidadadiario.com\/index.php\/wp-json\/wp\/v2\/tags?post=2658"}],"curies":[{"name":"wp","href":"https:\/\/api.w.org\/{rel}","templated":true}]}}