{"id":2655,"date":"2016-10-14T09:03:35","date_gmt":"2016-10-14T12:03:35","guid":{"rendered":"http:\/\/actualidadadiario.com\/site\/?p=2655"},"modified":"2016-10-14T09:03:35","modified_gmt":"2016-10-14T12:03:35","slug":"bullrich-propone-que-las-clases-comiencen-el-6-de-marzo","status":"publish","type":"post","link":"https:\/\/www.actualidadadiario.com\/index.php\/2016\/10\/14\/bullrich-propone-que-las-clases-comiencen-el-6-de-marzo\/","title":{"rendered":"Bullrich propone que las clases comiencen el 6 de marzo"},"content":{"rendered":"<p><em><strong>El ministro de Educaci\u00f3n llevar\u00e1 su iniciativa de que el ciclo lectivo inicie ese d\u00eda al Consejo Federal de Educaci\u00f3n<\/strong><\/em><\/p>\n<p>&nbsp;<\/p>\n<p>&nbsp;<\/p>\n<p>&nbsp;<\/p>\n<p>&nbsp;<\/p>\n<p>El ministro de Educaci\u00f3n, Esteban Bullrich, adelant\u00f3 que propondr\u00e1 al Consejo Federal de Educaci\u00f3n que las clases comiencen el 6 de marzo, seg\u00fan anticip\u00f3 a la prensa antes de ingresar al coloquio de IDEA que se realiza en Mar del Plata.<\/p>\n<p>&nbsp;<\/p>\n<p>&#8220;Es un pedido de varios gobernadores. Estamos estudiando la posibilidad de que las clases se inicien el 6 de marzo, pero obviamente, lo tendr\u00e1 que votar el Consejo Federal&#8221;, dijo el funcionario.<\/p>\n<p>&nbsp;<\/p>\n<p>La mayor\u00eda de los mandatarios provinciales manifestaron su acuerdo, por los beneficios que la medida podr\u00eda tener para el turismo, informaron a T\u00e9lam diversas fuentes.<\/p>\n<p>&nbsp;<\/p>\n<p>Es que al iniciarse las clases el 29 de febrero, ese mes se perd\u00eda para el turismo ya que las familias se lo tomaban para ultimar los detalles en la compra de \u00fatiles o en asegurar la inscripci\u00f3n de sus hijos, mientras que muchos docentes tambi\u00e9n deb\u00edan realizar tareas administrativas en las escuelas.<\/p>\n<p>&nbsp;<\/p>\n<p>Al escuchar la declaraci\u00f3n de Bullrich, el intendente de Mar del Plata Carlos Arroyo destac\u00f3 que la iniciativa &#8220;es una muy buena noticia porque responde a un pedido de toda la sociedad marplatense\u201d al tiempo que sostuvo que \u201ctenemos que garantizar calidad y no cantidad, ese es el desaf\u00edo\u201d.<\/p>\n<p>&nbsp;<\/p>\n<p>El funcionario puntualiz\u00f3 que con esta noticia &#8220;deben ponerse contentos, adem\u00e1s, el Ente de Turismo con su nueva Presidenta, las c\u00e1maras de turismo y comercios de la ciudad y el colegio de martilleros&#8221;.<\/p>\n","protected":false},"excerpt":{"rendered":"<p>El ministro de Educaci\u00f3n llevar\u00e1 su iniciativa de que el ciclo lectivo inicie ese d\u00eda al Consejo Federal de Educaci\u00f3n &nbsp; &nbsp; &nbsp; &nbsp; El ministro de Educaci\u00f3n, Esteban Bullrich, adelant\u00f3 que propondr\u00e1 al Consejo Federal de Educaci\u00f3n que las clases comiencen el 6 de marzo, seg\u00fan anticip\u00f3 a la prensa antes de ingresar al coloquio de IDEA que se realiza en Mar del Plata. &nbsp; &#8220;Es un pedido de varios gobernadores. Estamos estudiando la posibilidad de que las clases se inicien el 6 de marzo, pero obviamente, lo tendr\u00e1&#8230;<\/p>\n","protected":false},"author":3,"featured_media":2656,"comment_status":"closed","ping_status":"closed","sticky":false,"template":"","format":"standard","meta":[],"categories":[2],"tags":[],"_links":{"self":[{"href":"https:\/\/www.actualidadadiario.com\/index.php\/wp-json\/wp\/v2\/posts\/2655"}],"collection":[{"href":"https:\/\/www.actualidadadiario.com\/index.php\/wp-json\/wp\/v2\/posts"}],"about":[{"href":"https:\/\/www.actualidadadiario.com\/index.php\/wp-json\/wp\/v2\/types\/post"}],"author":[{"embeddable":true,"href":"https:\/\/www.actualidadadiario.com\/index.php\/wp-json\/wp\/v2\/users\/3"}],"replies":[{"embeddable":true,"href":"https:\/\/www.actualidadadiario.com\/index.php\/wp-json\/wp\/v2\/comments?post=2655"}],"version-history":[{"count":1,"href":"https:\/\/www.actualidadadiario.com\/index.php\/wp-json\/wp\/v2\/posts\/2655\/revisions"}],"predecessor-version":[{"id":2657,"href":"https:\/\/www.actualidadadiario.com\/index.php\/wp-json\/wp\/v2\/posts\/2655\/revisions\/2657"}],"wp:featuredmedia":[{"embeddable":true,"href":"https:\/\/www.actualidadadiario.com\/index.php\/wp-json\/wp\/v2\/media\/2656"}],"wp:attachment":[{"href":"https:\/\/www.actualidadadiario.com\/index.php\/wp-json\/wp\/v2\/media?parent=2655"}],"wp:term":[{"taxonomy":"category","embeddable":true,"href":"https:\/\/www.actualidadadiario.com\/index.php\/wp-json\/wp\/v2\/categories?post=2655"},{"taxonomy":"post_tag","embeddable":true,"href":"https:\/\/www.actualidadadiario.com\/index.php\/wp-json\/wp\/v2\/tags?post=2655"}],"curies":[{"name":"wp","href":"https:\/\/api.w.org\/{rel}","templated":true}]}}