{"id":2652,"date":"2016-10-14T08:54:17","date_gmt":"2016-10-14T11:54:17","guid":{"rendered":"http:\/\/actualidadadiario.com\/site\/?p=2652"},"modified":"2016-10-14T08:54:17","modified_gmt":"2016-10-14T11:54:17","slug":"macri-ya-esta-en-roma-para-reunirse-con-el-papa-y-asistir-a-la-canonizacion-del-cura-brochero","status":"publish","type":"post","link":"https:\/\/www.actualidadadiario.com\/index.php\/2016\/10\/14\/macri-ya-esta-en-roma-para-reunirse-con-el-papa-y-asistir-a-la-canonizacion-del-cura-brochero\/","title":{"rendered":"Macri ya est\u00e1 en Roma para reunirse con el Papa y asistir a la canonizaci\u00f3n del cura Brochero"},"content":{"rendered":"<p><em><strong>El Presidente aterriz\u00f3 en la madrugada de este viernes en el aeropuerto Fiumicino de la capital italiana. No tiene actividades pautadas para hoy. Ma\u00f1ana mantendr\u00e1 un encuentro con Francisco<\/strong><\/em><\/p>\n<p>&nbsp;<\/p>\n<p>&nbsp;<\/p>\n<p>&nbsp;<\/p>\n<p>&nbsp;<\/p>\n<p>Con su hija Antonia en brazos y en medio de una leve llovizna oto\u00f1al, el presidente Mauricio Macri lleg\u00f3 esta madrugada a Roma para reunirse ma\u00f1ana con el papa Francisco y participar el domingo de la canonizaci\u00f3n del cura Brochero.<\/p>\n<p>&nbsp;<\/p>\n<p>&#8220;Buongiorno, buongiorno&#8221;, salud\u00f3 el mandatario al llegar al c\u00e9ntrico hotel De Russie, con su hija, su esposa Juliana Awada y la hija de la Primera Dama, Valentina, antes de dirigirse con su familia al quinto piso, donde se hospedar\u00e1 hasta el domingo.<\/p>\n<p>&nbsp;<\/p>\n<p>Apenas pasadas las 6.30 locales, Macri hab\u00eda aterrizado en el aeropuerto Fiumicino de la capital italiana, donde fue recibido por los embajadores ante Italia Tom\u00e1s Ferrari, ante la Santa Sede Rogelio Pfirter y ante la FAO Claudio Rozencwaig, adem\u00e1s del funcionario de protocolo del Vaticano, monse\u00f1or Guillermo Karcher.<\/p>\n<p>&nbsp;<\/p>\n<p>En el hotel lo esperaba tambi\u00e9n la agregada cultural de Argentina en Italia, Irma Rizzutti.<\/p>\n<p>&nbsp;<\/p>\n<p>Sin actividades oficiales pautadas para el primer d\u00eda, el Presidente visitar\u00e1 ma\u00f1ana a las 10.30 locales (5.30 de Argentina) al papa Francisco en el estudio anexo del Aula Paulo VI del Vaticano junto a su familia.<\/p>\n<p>&nbsp;<\/p>\n<p>Luego participar\u00e1 de un encuentro con embajadores acreditados en Europa al que asistir\u00e1 la canciller Susana Malcorra y tambi\u00e9n se reunir\u00e1, probablemente en Florencia (a 270 kil\u00f3metros de Roma) con el Presidente del Consejo de Ministros de Italia, Matteo Renzi.<\/p>\n<p>&nbsp;<\/p>\n<p>El domingo, desde las 10.15 de Roma, el Presidente y la delegaci\u00f3n que lo acompa\u00f1a participar\u00e1 de la hist\u00f3rica canonizaci\u00f3n del &#8220;cura gaucho&#8221; Jos\u00e9 Gabriel Brochero (1840-1914), que se convertir\u00e1 en el primer santo nacido y muerto en el pa\u00eds.<\/p>\n<p>&nbsp;<\/p>\n<p>Ser\u00e1n parte de la delegaci\u00f3n oficial el secretario de Asuntos Estrat\u00e9gicos Fulvio Pompeo, el secretario Legal y T\u00e9cnico Pablo Clusellas, que llegaron junto al Presidente; adem\u00e1s del secretario de Culto Santiago de Estrada y el subsecretario de Culto Alfredo Abriani.<\/p>\n<p>&nbsp;<\/p>\n<p>Tambi\u00e9n llegaron con el mandatario el m\u00e9dico de la Unidad Presidencial Alberto Mariani y su secretario Mariano Lomolino.<\/p>\n<p>&nbsp;<\/p>\n<p>El del s\u00e1bado ser\u00e1 el segundo encuentro del a\u00f1o entre el Presidente y el Papa, tras la reuni\u00f3n del 27 de febrero, y el cuarto entre ambos desde la elecci\u00f3n de Jorge Mario Bergoglio como Pont\u00edfice el 13 de marzo de 2013.<\/p>\n","protected":false},"excerpt":{"rendered":"<p>El Presidente aterriz\u00f3 en la madrugada de este viernes en el aeropuerto Fiumicino de la capital italiana. No tiene actividades pautadas para hoy. Ma\u00f1ana mantendr\u00e1 un encuentro con Francisco &nbsp; &nbsp; &nbsp; &nbsp; Con su hija Antonia en brazos y en medio de una leve llovizna oto\u00f1al, el presidente Mauricio Macri lleg\u00f3 esta madrugada a Roma para reunirse ma\u00f1ana con el papa Francisco y participar el domingo de la canonizaci\u00f3n del cura Brochero. &nbsp; &#8220;Buongiorno, buongiorno&#8221;, salud\u00f3 el mandatario al llegar al c\u00e9ntrico hotel De Russie, con su hija, su&#8230;<\/p>\n","protected":false},"author":3,"featured_media":2653,"comment_status":"closed","ping_status":"closed","sticky":false,"template":"","format":"standard","meta":[],"categories":[2],"tags":[],"_links":{"self":[{"href":"https:\/\/www.actualidadadiario.com\/index.php\/wp-json\/wp\/v2\/posts\/2652"}],"collection":[{"href":"https:\/\/www.actualidadadiario.com\/index.php\/wp-json\/wp\/v2\/posts"}],"about":[{"href":"https:\/\/www.actualidadadiario.com\/index.php\/wp-json\/wp\/v2\/types\/post"}],"author":[{"embeddable":true,"href":"https:\/\/www.actualidadadiario.com\/index.php\/wp-json\/wp\/v2\/users\/3"}],"replies":[{"embeddable":true,"href":"https:\/\/www.actualidadadiario.com\/index.php\/wp-json\/wp\/v2\/comments?post=2652"}],"version-history":[{"count":1,"href":"https:\/\/www.actualidadadiario.com\/index.php\/wp-json\/wp\/v2\/posts\/2652\/revisions"}],"predecessor-version":[{"id":2654,"href":"https:\/\/www.actualidadadiario.com\/index.php\/wp-json\/wp\/v2\/posts\/2652\/revisions\/2654"}],"wp:featuredmedia":[{"embeddable":true,"href":"https:\/\/www.actualidadadiario.com\/index.php\/wp-json\/wp\/v2\/media\/2653"}],"wp:attachment":[{"href":"https:\/\/www.actualidadadiario.com\/index.php\/wp-json\/wp\/v2\/media?parent=2652"}],"wp:term":[{"taxonomy":"category","embeddable":true,"href":"https:\/\/www.actualidadadiario.com\/index.php\/wp-json\/wp\/v2\/categories?post=2652"},{"taxonomy":"post_tag","embeddable":true,"href":"https:\/\/www.actualidadadiario.com\/index.php\/wp-json\/wp\/v2\/tags?post=2652"}],"curies":[{"name":"wp","href":"https:\/\/api.w.org\/{rel}","templated":true}]}}