{"id":2646,"date":"2016-10-14T08:52:35","date_gmt":"2016-10-14T11:52:35","guid":{"rendered":"http:\/\/actualidadadiario.com\/site\/?p=2646"},"modified":"2016-10-14T08:52:35","modified_gmt":"2016-10-14T11:52:35","slug":"bullrich-cruzo-a-cristina-por-la-fuga-de-cientificos-vamos-a-generar-nuevos-cerebros","status":"publish","type":"post","link":"https:\/\/www.actualidadadiario.com\/index.php\/2016\/10\/14\/bullrich-cruzo-a-cristina-por-la-fuga-de-cientificos-vamos-a-generar-nuevos-cerebros\/","title":{"rendered":"Bullrich cruz\u00f3 a Cristina por la fuga de cient\u00edficos: &#8220;Vamos a generar nuevos cerebros&#8221;"},"content":{"rendered":"<p><em><strong>El ministro de Educaci\u00f3n le respondi\u00f3 a la ex presidenta, quien critic\u00f3 al Gobierno por bajar el presupuesto de la Ciencia<\/strong><\/em><\/p>\n<p>&nbsp;<\/p>\n<p>&nbsp;<\/p>\n<p>&nbsp;<\/p>\n<p>El ministro de Educaci\u00f3n, Esteban Bullrich, cruz\u00f3 a la ex presidenta Cristina Kirchner, quien este mi\u00e9rcoles en un acto en la Universidad de Quilmes afirm\u00f3 que se viene una &#8220;nueva fuga de cerebros&#8221; por los recortes presupuestarios en el presupuesto de Ciencia.<\/p>\n<p>&nbsp;<\/p>\n<p>El funcionario macrista lo desminti\u00f3 y destac\u00f3 que su gesti\u00f3n trabajar\u00e1 &#8220;en conjunto para que vuelvan los que no volvieron y para generar nuevos cerebros&#8221;.<\/p>\n<p>&nbsp;<\/p>\n<p>Bullrich en di\u00e1logo con Radio 10 pidi\u00f3 &#8220;tener capacidad de autocr\u00edtica&#8221; y asegur\u00f3: &#8220;Yo soy una persona que siempre ha reconocido las cosas que el kirchnerismo ha hecho por la educaci\u00f3n. Pero hay que mirar para adelante. Esperemos que vuelvan los cerebros que no lo hicieron y generar nuevos cerebros&#8221;.<\/p>\n<p>&nbsp;<\/p>\n<p>Cristina hab\u00eda dicho: &#8220;No podemos permitirnos una nueva fuga de cerebros&#8221;. Lo hizo al recibir los t\u00edtulos de doctora Honoris Causa de las universidades de Quilmes y de Avellaneda.<\/p>\n","protected":false},"excerpt":{"rendered":"<p>El ministro de Educaci\u00f3n le respondi\u00f3 a la ex presidenta, quien critic\u00f3 al Gobierno por bajar el presupuesto de la Ciencia &nbsp; &nbsp; &nbsp; El ministro de Educaci\u00f3n, Esteban Bullrich, cruz\u00f3 a la ex presidenta Cristina Kirchner, quien este mi\u00e9rcoles en un acto en la Universidad de Quilmes afirm\u00f3 que se viene una &#8220;nueva fuga de cerebros&#8221; por los recortes presupuestarios en el presupuesto de Ciencia. &nbsp; El funcionario macrista lo desminti\u00f3 y destac\u00f3 que su gesti\u00f3n trabajar\u00e1 &#8220;en conjunto para que vuelvan los que no volvieron y para generar&#8230;<\/p>\n","protected":false},"author":3,"featured_media":2647,"comment_status":"closed","ping_status":"closed","sticky":false,"template":"","format":"standard","meta":[],"categories":[18],"tags":[],"_links":{"self":[{"href":"https:\/\/www.actualidadadiario.com\/index.php\/wp-json\/wp\/v2\/posts\/2646"}],"collection":[{"href":"https:\/\/www.actualidadadiario.com\/index.php\/wp-json\/wp\/v2\/posts"}],"about":[{"href":"https:\/\/www.actualidadadiario.com\/index.php\/wp-json\/wp\/v2\/types\/post"}],"author":[{"embeddable":true,"href":"https:\/\/www.actualidadadiario.com\/index.php\/wp-json\/wp\/v2\/users\/3"}],"replies":[{"embeddable":true,"href":"https:\/\/www.actualidadadiario.com\/index.php\/wp-json\/wp\/v2\/comments?post=2646"}],"version-history":[{"count":1,"href":"https:\/\/www.actualidadadiario.com\/index.php\/wp-json\/wp\/v2\/posts\/2646\/revisions"}],"predecessor-version":[{"id":2648,"href":"https:\/\/www.actualidadadiario.com\/index.php\/wp-json\/wp\/v2\/posts\/2646\/revisions\/2648"}],"wp:featuredmedia":[{"embeddable":true,"href":"https:\/\/www.actualidadadiario.com\/index.php\/wp-json\/wp\/v2\/media\/2647"}],"wp:attachment":[{"href":"https:\/\/www.actualidadadiario.com\/index.php\/wp-json\/wp\/v2\/media?parent=2646"}],"wp:term":[{"taxonomy":"category","embeddable":true,"href":"https:\/\/www.actualidadadiario.com\/index.php\/wp-json\/wp\/v2\/categories?post=2646"},{"taxonomy":"post_tag","embeddable":true,"href":"https:\/\/www.actualidadadiario.com\/index.php\/wp-json\/wp\/v2\/tags?post=2646"}],"curies":[{"name":"wp","href":"https:\/\/api.w.org\/{rel}","templated":true}]}}