{"id":264,"date":"2016-08-24T08:43:41","date_gmt":"2016-08-24T11:43:41","guid":{"rendered":"http:\/\/actualidadadiario.com\/site\/?p=264"},"modified":"2016-08-24T08:43:41","modified_gmt":"2016-08-24T11:43:41","slug":"ater-controla-alquileres-de-grandes-superficies-comerciales","status":"publish","type":"post","link":"https:\/\/www.actualidadadiario.com\/index.php\/2016\/08\/24\/ater-controla-alquileres-de-grandes-superficies-comerciales\/","title":{"rendered":"ATER controla alquileres de grandes superficies comerciales"},"content":{"rendered":"<p><em><strong>La Administradora Tributaria de Entre R\u00edos (ATER) prosigue con los operativos de control fiscal que se vienen llevando adelante, y esta semana se suman verificaciones de cumplimiento de los deberes de inscripci\u00f3n y pago por parte de los due\u00f1os de grandes superficies comerciales<\/strong><\/em><\/p>\n<p>&nbsp;<\/p>\n<p>&nbsp;<\/p>\n<p>&nbsp;<\/p>\n<p>El director Adjunto de ATER, Jorge Otegui precis\u00f3 que \u201cse est\u00e1n controlando los contratos de alquiler a quienes est\u00e9n ocupando superficies comerciales significativas, a fin de identificar a los locadores y cotejar que est\u00e9n cumpliendo sus obligaciones como corresponde en el impuesto a los ingresos brutos como as\u00ed, en sellos&#8221;.<\/p>\n<p>Y agreg\u00f3 que &#8220;son llamativos algunos valores que se declaran como valor de alquiler, en zonas muy costosas de la ciudad y que difieren sustancialmente de lo que las inmobiliarias est\u00e1n informando para alquiler, cuesti\u00f3n que estamos abordando&#8221;.<\/p>\n<p>Los operativos en esta materia comenzar\u00e1n en la ciudad capital y se prev\u00e9 su extensi\u00f3n a otras ciudades, tal como se viene realizando en otros planos tributarios.<br \/>\n&nbsp;<br \/>\n<strong>Controles conjuntos por subfacturaci\u00f3n<\/strong><\/p>\n<p>Al respecto, el funcionario record\u00f3 las acciones de control que se vienen llevando adelante en diversas ciudades de la provincia, en algunos casos junto a los municipios respecto y que abarcan principalmente dos materias: por un lado la fiscalizaci\u00f3n de la correcta inscripci\u00f3n impositiva de diversos establecimientos, y el control de lo que declaran a la Municipalidad, a la ATER y AFIP en materia de tasa comercial, ingresos brutos e IVA. Y por otro lado, los cruces masivos de datos, respecto de igualar los metros cuadrados declarados en las jurisdicciones respecto del impuesto inmobiliario, ello en el plano catastral.<\/p>\n<p>Puntualmente, destac\u00f3 que &#8220;estas medidas de Control Fiscal apuntan a verificar algunas situaciones de supuesta subdeclaraci\u00f3n de ventas en algunos rubros comerciales, en especial del sector alimentos, que adem\u00e1s suponen un comportamiento desleal para quienes si cumplen con las normas vigentes&#8221;.<\/p>\n<p>Agreg\u00f3 que &#8220;es importante que la gente pida su factura, ya que al impuesto se lo est\u00e1n cobrando, pero luego se lo queda el comercio&#8221;.<\/p>\n","protected":false},"excerpt":{"rendered":"<p>La Administradora Tributaria de Entre R\u00edos (ATER) prosigue con los operativos de control fiscal que se vienen llevando adelante, y esta semana se suman verificaciones de cumplimiento de los deberes de inscripci\u00f3n y pago por parte de los due\u00f1os de grandes superficies comerciales &nbsp; &nbsp; &nbsp; El director Adjunto de ATER, Jorge Otegui precis\u00f3 que \u201cse est\u00e1n controlando los contratos de alquiler a quienes est\u00e9n ocupando superficies comerciales significativas, a fin de identificar a los locadores y cotejar que est\u00e9n cumpliendo sus obligaciones como corresponde en el impuesto a los&#8230;<\/p>\n","protected":false},"author":3,"featured_media":265,"comment_status":"closed","ping_status":"open","sticky":false,"template":"","format":"standard","meta":[],"categories":[15],"tags":[],"_links":{"self":[{"href":"https:\/\/www.actualidadadiario.com\/index.php\/wp-json\/wp\/v2\/posts\/264"}],"collection":[{"href":"https:\/\/www.actualidadadiario.com\/index.php\/wp-json\/wp\/v2\/posts"}],"about":[{"href":"https:\/\/www.actualidadadiario.com\/index.php\/wp-json\/wp\/v2\/types\/post"}],"author":[{"embeddable":true,"href":"https:\/\/www.actualidadadiario.com\/index.php\/wp-json\/wp\/v2\/users\/3"}],"replies":[{"embeddable":true,"href":"https:\/\/www.actualidadadiario.com\/index.php\/wp-json\/wp\/v2\/comments?post=264"}],"version-history":[{"count":1,"href":"https:\/\/www.actualidadadiario.com\/index.php\/wp-json\/wp\/v2\/posts\/264\/revisions"}],"predecessor-version":[{"id":266,"href":"https:\/\/www.actualidadadiario.com\/index.php\/wp-json\/wp\/v2\/posts\/264\/revisions\/266"}],"wp:featuredmedia":[{"embeddable":true,"href":"https:\/\/www.actualidadadiario.com\/index.php\/wp-json\/wp\/v2\/media\/265"}],"wp:attachment":[{"href":"https:\/\/www.actualidadadiario.com\/index.php\/wp-json\/wp\/v2\/media?parent=264"}],"wp:term":[{"taxonomy":"category","embeddable":true,"href":"https:\/\/www.actualidadadiario.com\/index.php\/wp-json\/wp\/v2\/categories?post=264"},{"taxonomy":"post_tag","embeddable":true,"href":"https:\/\/www.actualidadadiario.com\/index.php\/wp-json\/wp\/v2\/tags?post=264"}],"curies":[{"name":"wp","href":"https:\/\/api.w.org\/{rel}","templated":true}]}}