{"id":2637,"date":"2016-10-14T08:49:50","date_gmt":"2016-10-14T11:49:50","guid":{"rendered":"http:\/\/actualidadadiario.com\/site\/?p=2637"},"modified":"2016-10-14T08:49:50","modified_gmt":"2016-10-14T11:49:50","slug":"rio-negro-cerraron-dos-plantas-de-la-mayor-empaquetadora-de-frutas-del-pais","status":"publish","type":"post","link":"https:\/\/www.actualidadadiario.com\/index.php\/2016\/10\/14\/rio-negro-cerraron-dos-plantas-de-la-mayor-empaquetadora-de-frutas-del-pais\/","title":{"rendered":"R\u00edo Negro: cerraron dos plantas de la mayor empaquetadora de frutas del pa\u00eds"},"content":{"rendered":"<p class=\"preview\" style=\"background: white;\"><em><strong><span style=\"font-size: 15.0pt; font-family: 'Arial','sans-serif'; color: black;\">La empresa belga Expofrut anunci\u00f3 el cierre de dos plantas de empaque en las ciudades rionegrinas de General Roca y Allen, por lo que despedir\u00e1 a unos 260 trabajadores<\/span><\/strong><\/em><\/p>\n<p class=\"preview\" style=\"background: white;\"><span style=\"font-size: 15.0pt; font-family: 'Arial','sans-serif'; color: black;\">\u00a0<\/span><\/p>\n<p class=\"preview\" style=\"background: white;\"><span style=\"font-size: 15.0pt; font-family: 'Arial','sans-serif'; color: black;\">\u00a0<\/span><\/p>\n<p class=\"preview\" style=\"background: white;\"><span style=\"font-size: 15.0pt; font-family: 'Arial','sans-serif'; color: black;\">\u00a0<\/span><\/p>\n<p class=\"preview\" style=\"background: white;\"><span style=\"font-size: 15.0pt; font-family: 'Arial','sans-serif'; color: black;\">\u00a0<\/span><\/p>\n<p class=\"preview\" style=\"background: white;\"><span style=\"font-size: 15.0pt; font-family: 'Arial','sans-serif'; color: black;\">\u00a0<\/span><\/p>\n<p class=\"preview\" style=\"background: white;\"><span style=\"font-size: 15.0pt; font-family: 'Arial','sans-serif'; color: black;\">Con el cierre de estas plantas, las cesant\u00edas alcanzar\u00e1n ya a 1.080 personas en el sector frut\u00edcola del Alto Valle rionegrino, teniendo en cuenta los recortes del establecimiento Bil\u00f3, en Allen, y la empresa San Formerio, en Roca. <\/span><\/p>\n<p class=\"preview\" style=\"background: white;\"><span style=\"font-size: 15.0pt; font-family: 'Arial','sans-serif'; color: black;\">\u00a0<\/span><\/p>\n<p class=\"preview\" style=\"background: white;\"><span style=\"font-size: 15.0pt; font-family: 'Arial','sans-serif'; color: black;\">Los directivos de la compa\u00f1\u00eda belga dieron a conocer la noticia en una reuni\u00f3n que tuvieron este jueves con los delegados gremiales de las plantas, en la que ofrecieron una indemnizaci\u00f3n del 50%.<\/span><\/p>\n<p class=\"preview\" style=\"background: white;\"><span style=\"font-size: 15.0pt; font-family: 'Arial','sans-serif'; color: black;\">\u00a0<\/span><\/p>\n<p class=\"preview\" style=\"background: white;\"><span style=\"font-size: 15.0pt; font-family: 'Arial','sans-serif'; color: black;\">La propuesta de la firma fue rechazada por los trabajadores, quienes exigen el pago del 100 por ciento de las indemnizaciones, revel\u00f3 el secretario general del Sindicato de la Fruta en R\u00edo Negro, Rub\u00e9n L\u00f3pez, quien particip\u00f3 del encuentro. <\/span><\/p>\n<p class=\"preview\" style=\"background: white;\"><span style=\"font-size: 15.0pt; font-family: 'Arial','sans-serif'; color: black;\">\u00a0<\/span><\/p>\n<p class=\"preview\" style=\"background: white;\"><span style=\"font-size: 15.0pt; font-family: 'Arial','sans-serif'; color: black;\">Expofrut era la mayor empresa de producci\u00f3n, empaque y comercializaci\u00f3n de frutas y hortalizas frescas en el pa\u00eds desde 1971, con operaciones en el Alto Valle de R\u00edo Negro y Neuqu\u00e9n, en la Patagonia. <\/span><\/p>\n<p class=\"preview\" style=\"background: white;\"><span style=\"font-size: 15.0pt; font-family: 'Arial','sans-serif'; color: black;\">\u00a0<\/span><\/p>\n<p class=\"preview\" style=\"background: white;\"><span style=\"font-size: 15.0pt; font-family: 'Arial','sans-serif'; color: black;\">La firma exportaba el 90% de las 250.000 toneladas de producci\u00f3n anual y el 10% restante lo colocaba en los principales supermercados de Capital Federal, Gran Buenos Aires, C\u00f3rdoba y otros puntos del pa\u00eds. <\/span><\/p>\n<p class=\"preview\" style=\"background: white;\"><span style=\"font-size: 15.0pt; font-family: 'Arial','sans-serif'; color: black;\">\u00a0<\/span><\/p>\n<p class=\"preview\" style=\"background: white;\"><span style=\"font-size: 15.0pt; font-family: 'Arial','sans-serif'; color: black;\">&#8220;No es nada simp\u00e1tico presenciar una reuni\u00f3n donde comunican que van a cerrar las puertas de dos plantas&#8221;, dijo L\u00f3pez en declaraciones a la radio local FM Terapia al confirmar que la firma belga reducir\u00e1 sus operaciones en el pa\u00eds.<\/span><\/p>\n<p class=\"preview\" style=\"background: white;\"><span style=\"font-size: 15.0pt; font-family: 'Arial','sans-serif'; color: black;\">\u00a0<\/span><\/p>\n<p class=\"preview\" style=\"background: white;\"><span style=\"font-size: 15.0pt; font-family: 'Arial','sans-serif'; color: black;\">Expofrut concentrar\u00e1 sus actividades de empaque en la planta que tiene en la localidad de Lamarque, en el departamento Avellaneda, unos 316 kil\u00f3metros al noroeste de Viedma, la capital provincial. <\/span><\/p>\n<p class=\"preview\" style=\"background: white;\"><span style=\"font-size: 15.0pt; font-family: 'Arial','sans-serif'; color: black;\">\u00a0<\/span><\/p>\n<p class=\"preview\" style=\"background: white;\"><span style=\"font-size: 15.0pt; font-family: 'Arial','sans-serif'; color: black;\">La empresa hab\u00eda dejado meses atr\u00e1s de trabajar con frutas de productores independientes porque se dedic\u00f3 a lo que cosechaba en las tierras alquiladas, pero ante la falta de rentabilidad de la actividad, dispuso una reducci\u00f3n de todas sus estructuras.<\/span><\/p>\n<p class=\"preview\" style=\"background: white;\"><span style=\"font-size: 15.0pt; font-family: 'Arial','sans-serif'; color: black;\">\u00a0<\/span><\/p>\n<p class=\"preview\" style=\"background: white;\"><span style=\"font-size: 15.0pt; font-family: 'Arial','sans-serif'; color: black;\">L\u00f3pez indic\u00f3 que los trabajadores de Expofrut &#8220;rechazaron los despidos y pidieron a la empresa que venda la planta de empaque con el personal adentro&#8221;, pero la respuesta fue negativa dado que la firma pretende no desprenderse del edificio.<\/span><\/p>\n<p class=\"preview\" style=\"background: white;\"><span style=\"font-size: 15.0pt; font-family: 'Arial','sans-serif'; color: black;\">\u00a0<\/span><\/p>\n<p class=\"preview\" style=\"background: white;\"><span style=\"font-size: 15.0pt; font-family: 'Arial','sans-serif'; color: black;\">&#8220;Los compa\u00f1eros decidieron tomar la planta de Lamarque cuando inicie la temporada, quieren que les paguen lo que corresponde&#8221;, expres\u00f3 L\u00f3pez ante la propuesta de la firma de pagar s\u00f3lo el 50% de las indemnizaciones por la crisis financiera que atraviesa.<\/span><\/p>\n","protected":false},"excerpt":{"rendered":"<p>La empresa belga Expofrut anunci\u00f3 el cierre de dos plantas de empaque en las ciudades rionegrinas de General Roca y Allen, por lo que despedir\u00e1 a unos 260 trabajadores \u00a0 \u00a0 \u00a0 \u00a0 \u00a0 Con el cierre de estas plantas, las cesant\u00edas alcanzar\u00e1n ya a 1.080 personas en el sector frut\u00edcola del Alto Valle rionegrino, teniendo en cuenta los recortes del establecimiento Bil\u00f3, en Allen, y la empresa San Formerio, en Roca. \u00a0 Los directivos de la compa\u00f1\u00eda belga dieron a conocer la noticia en una reuni\u00f3n que tuvieron este&#8230;<\/p>\n","protected":false},"author":3,"featured_media":2638,"comment_status":"closed","ping_status":"closed","sticky":false,"template":"","format":"standard","meta":[],"categories":[2],"tags":[],"_links":{"self":[{"href":"https:\/\/www.actualidadadiario.com\/index.php\/wp-json\/wp\/v2\/posts\/2637"}],"collection":[{"href":"https:\/\/www.actualidadadiario.com\/index.php\/wp-json\/wp\/v2\/posts"}],"about":[{"href":"https:\/\/www.actualidadadiario.com\/index.php\/wp-json\/wp\/v2\/types\/post"}],"author":[{"embeddable":true,"href":"https:\/\/www.actualidadadiario.com\/index.php\/wp-json\/wp\/v2\/users\/3"}],"replies":[{"embeddable":true,"href":"https:\/\/www.actualidadadiario.com\/index.php\/wp-json\/wp\/v2\/comments?post=2637"}],"version-history":[{"count":1,"href":"https:\/\/www.actualidadadiario.com\/index.php\/wp-json\/wp\/v2\/posts\/2637\/revisions"}],"predecessor-version":[{"id":2639,"href":"https:\/\/www.actualidadadiario.com\/index.php\/wp-json\/wp\/v2\/posts\/2637\/revisions\/2639"}],"wp:featuredmedia":[{"embeddable":true,"href":"https:\/\/www.actualidadadiario.com\/index.php\/wp-json\/wp\/v2\/media\/2638"}],"wp:attachment":[{"href":"https:\/\/www.actualidadadiario.com\/index.php\/wp-json\/wp\/v2\/media?parent=2637"}],"wp:term":[{"taxonomy":"category","embeddable":true,"href":"https:\/\/www.actualidadadiario.com\/index.php\/wp-json\/wp\/v2\/categories?post=2637"},{"taxonomy":"post_tag","embeddable":true,"href":"https:\/\/www.actualidadadiario.com\/index.php\/wp-json\/wp\/v2\/tags?post=2637"}],"curies":[{"name":"wp","href":"https:\/\/api.w.org\/{rel}","templated":true}]}}