{"id":2634,"date":"2016-10-14T08:48:57","date_gmt":"2016-10-14T11:48:57","guid":{"rendered":"http:\/\/actualidadadiario.com\/site\/?p=2634"},"modified":"2016-10-14T08:48:57","modified_gmt":"2016-10-14T11:48:57","slug":"idea-el-55-de-los-empresarios-no-contratara-mas-trabajadores-en-2017","status":"publish","type":"post","link":"https:\/\/www.actualidadadiario.com\/index.php\/2016\/10\/14\/idea-el-55-de-los-empresarios-no-contratara-mas-trabajadores-en-2017\/","title":{"rendered":"IDEA: el 55% de los empresarios no contratar\u00e1 m\u00e1s trabajadores en 2017"},"content":{"rendered":"<p class=\"preview\" style=\"background: white;\"><em><strong><span style=\"font-size: 15.0pt; font-family: 'Arial','sans-serif'; color: black;\">Una encuesta revela que los ejecutivos esperan pol\u00edticas econ\u00f3micas que los favorezcan el a\u00f1o pr\u00f3ximo, pero no aumentar\u00e1n la plantilla laboral<\/span><\/strong><\/em><\/p>\n<p class=\"preview\" style=\"background: white;\"><span style=\"font-size: 15.0pt; font-family: 'Arial','sans-serif'; color: black;\">\u00a0<\/span><\/p>\n<p class=\"preview\" style=\"background: white;\"><span style=\"font-size: 15.0pt; font-family: 'Arial','sans-serif'; color: black;\">\u00a0<\/span><\/p>\n<p class=\"preview\" style=\"background: white;\"><span style=\"font-size: 15.0pt; font-family: 'Arial','sans-serif'; color: black;\">\u00a0<\/span><\/p>\n<p class=\"preview\" style=\"background: white;\"><span style=\"font-size: 15.0pt; font-family: 'Arial','sans-serif'; color: black;\">Los grandes empresarios guardan un gran optimismo para el a\u00f1o pr\u00f3ximo, pero m\u00e1s de la mitad no planea contratar m\u00e1s trabajadores. De acuerdo a una encuesta de D&#8217;Alessio IROL en el Coloquio de IDEA, el 55% de los m\u00e1s importantes ejecutivos no contratar\u00e1 trabajadores en los pr\u00f3ximos 12 meses.<\/span><\/p>\n<p class=\"preview\" style=\"background: white;\"><span style=\"font-size: 15.0pt; font-family: 'Arial','sans-serif'; color: black;\">\u00a0<\/span><\/p>\n<p class=\"preview\" style=\"background: white;\"><span style=\"font-size: 15.0pt; font-family: 'Arial','sans-serif'; color: black;\">No obstante, ocho de cada 10 proyectan una situaci\u00f3n econ\u00f3mica mejor para el inicio de 2017, lo que marca un valor r\u00e9cord en los registros de la consultora de los \u00faltimos 15 a\u00f1os. Para el economista Luis Secco, el 65% de los encuestados analiza que la econom\u00eda del \u00faltimo semestre super\u00f3 sus expectativas, pero no porque mejoraron sus negocios, &#8220;ya que para todos empeor\u00f3, pero lo piensan por un cambio en la pol\u00edtica del nuevo Gobierno&#8221;.<\/span><\/p>\n<p class=\"preview\" style=\"background: white;\"><span style=\"font-size: 15.0pt; font-family: 'Arial','sans-serif'; color: black;\">\u00a0<\/span><\/p>\n<p class=\"preview\" style=\"background: white;\"><span style=\"font-size: 15.0pt; font-family: 'Arial','sans-serif'; color: black;\">\u00a0<\/span><\/p>\n<p class=\"preview\" style=\"background: white;\"><span style=\"font-size: 15.0pt; font-family: 'Arial','sans-serif'; color: black;\">Adem\u00e1s, Secco analiz\u00f3 que las &#8220;inversiones disminuir\u00e1n levemente porque la mayor\u00eda no modificar\u00e1 el desembolso de pesos&#8221;. Sin embargo, consultado por El Destape, el jefe de asesores del Banco Naci\u00f3n explic\u00f3 que &#8220;la perspectiva de una mejora en las ventas corporativas se explican por una recuperaci\u00f3n del mercado interno&#8221;, ahora alica\u00eddo.<\/span><\/p>\n<p class=\"preview\" style=\"background: white;\"><span style=\"font-size: 15.0pt; font-family: 'Arial','sans-serif'; color: black;\">\u00a0<\/span><\/p>\n<p class=\"preview\" style=\"background: white;\"><span style=\"font-size: 15.0pt; font-family: 'Arial','sans-serif'; color: black;\">Los ejecutivos valoran como aciertos que el Gobierno de Mauricio Macri realiz\u00f3 &#8220;los ajustes necesarios, continuar\u00e1 el reordenamiento, reapertura de mercado, menor inflaci\u00f3n, reacomodamiento de los sectores productivos, se est\u00e1 generando confianza, el reconocimiento de los problemas y la menor presi\u00f3n tributaria&#8221;.<\/span><\/p>\n","protected":false},"excerpt":{"rendered":"<p>Una encuesta revela que los ejecutivos esperan pol\u00edticas econ\u00f3micas que los favorezcan el a\u00f1o pr\u00f3ximo, pero no aumentar\u00e1n la plantilla laboral \u00a0 \u00a0 \u00a0 Los grandes empresarios guardan un gran optimismo para el a\u00f1o pr\u00f3ximo, pero m\u00e1s de la mitad no planea contratar m\u00e1s trabajadores. De acuerdo a una encuesta de D&#8217;Alessio IROL en el Coloquio de IDEA, el 55% de los m\u00e1s importantes ejecutivos no contratar\u00e1 trabajadores en los pr\u00f3ximos 12 meses. \u00a0 No obstante, ocho de cada 10 proyectan una situaci\u00f3n econ\u00f3mica mejor para el inicio de 2017,&#8230;<\/p>\n","protected":false},"author":3,"featured_media":2635,"comment_status":"closed","ping_status":"closed","sticky":false,"template":"","format":"standard","meta":[],"categories":[18],"tags":[],"_links":{"self":[{"href":"https:\/\/www.actualidadadiario.com\/index.php\/wp-json\/wp\/v2\/posts\/2634"}],"collection":[{"href":"https:\/\/www.actualidadadiario.com\/index.php\/wp-json\/wp\/v2\/posts"}],"about":[{"href":"https:\/\/www.actualidadadiario.com\/index.php\/wp-json\/wp\/v2\/types\/post"}],"author":[{"embeddable":true,"href":"https:\/\/www.actualidadadiario.com\/index.php\/wp-json\/wp\/v2\/users\/3"}],"replies":[{"embeddable":true,"href":"https:\/\/www.actualidadadiario.com\/index.php\/wp-json\/wp\/v2\/comments?post=2634"}],"version-history":[{"count":1,"href":"https:\/\/www.actualidadadiario.com\/index.php\/wp-json\/wp\/v2\/posts\/2634\/revisions"}],"predecessor-version":[{"id":2636,"href":"https:\/\/www.actualidadadiario.com\/index.php\/wp-json\/wp\/v2\/posts\/2634\/revisions\/2636"}],"wp:featuredmedia":[{"embeddable":true,"href":"https:\/\/www.actualidadadiario.com\/index.php\/wp-json\/wp\/v2\/media\/2635"}],"wp:attachment":[{"href":"https:\/\/www.actualidadadiario.com\/index.php\/wp-json\/wp\/v2\/media?parent=2634"}],"wp:term":[{"taxonomy":"category","embeddable":true,"href":"https:\/\/www.actualidadadiario.com\/index.php\/wp-json\/wp\/v2\/categories?post=2634"},{"taxonomy":"post_tag","embeddable":true,"href":"https:\/\/www.actualidadadiario.com\/index.php\/wp-json\/wp\/v2\/tags?post=2634"}],"curies":[{"name":"wp","href":"https:\/\/api.w.org\/{rel}","templated":true}]}}