{"id":2625,"date":"2016-10-14T08:46:49","date_gmt":"2016-10-14T11:46:49","guid":{"rendered":"http:\/\/actualidadadiario.com\/site\/?p=2625"},"modified":"2016-10-14T08:46:49","modified_gmt":"2016-10-14T11:46:49","slug":"triaca-sobre-el-bono-es-el-esfuerzo-que-podemos-hacer","status":"publish","type":"post","link":"https:\/\/www.actualidadadiario.com\/index.php\/2016\/10\/14\/triaca-sobre-el-bono-es-el-esfuerzo-que-podemos-hacer\/","title":{"rendered":"Triaca sobre el bono: &#8220;Es el esfuerzo que podemos hacer&#8221;"},"content":{"rendered":"<p><em><strong>El ministro de Trabajo, Jorge Triaca, se refiri\u00f3 al bono de fin de a\u00f1o acordado el mi\u00e9rcoles entre el Gobierno y la CGT y en ese marco, dijo que &#8220;es el esfuerzo que podemos hacer&#8221;. Asimismo, afirm\u00f3 que &#8220;el foco de atenci\u00f3n del Gobierno tiene que estar en los que tienen m\u00e1s necesidades&#8221;<\/strong><\/em><\/p>\n<p>&nbsp;<\/p>\n<p>&nbsp;<\/p>\n<p>&nbsp;<\/p>\n<p>&nbsp;<\/p>\n<p>&nbsp;<\/p>\n<p>Luego de las medidas anunciadas el \u00faltimo mi\u00e9rcoles en respuesta a los reclamos planteados por el triunvirato de la CGT para paliar la situaci\u00f3n econ\u00f3mica de los trabajadores, el titular de la cartera de Trabajo pidi\u00f3 &#8220;mirar el contexto en que est\u00e1 el Gobierno en relaci\u00f3n a los recursos fiscales&#8221; al se\u00f1alar que &#8220;este es el esfuerzo que podemos hacer&#8221;.<\/p>\n<p>&nbsp;<\/p>\n<p>En di\u00e1logo con radio La Red, Triaca aclar\u00f3 que la suma de 1.000 pesos que el Gobierno otorgar\u00e1 a quienes cobran la Asignaci\u00f3n Universal Por Hijo ser\u00e1 &#8220;por grupo familiar&#8221;, alcanzando a 2,2 millones de familias y que los monotributistas tambi\u00e9n estar\u00e1n incluidos.<\/p>\n<p>&nbsp;<\/p>\n<p>Adem\u00e1s, reiter\u00f3 que el l\u00edmite a la exenci\u00f3n del impuesto a las ganancias para el medio aguinaldo de diciembre es de 15.000 pesos con un tope salarial de 55.000 pesos brutos, y que el empleado deber\u00e1 pagar Ganancias &#8220;sobre el excedente&#8221; que perciba.<\/p>\n<p>&nbsp;<\/p>\n<p>El funcionario nacional especific\u00f3 que en el caso de los jubilados que perciban jubilaci\u00f3n y pensi\u00f3n, recibir\u00e1n la suma de 1.000 pesos por su condici\u00f3n de jubilado.<\/p>\n<p>&nbsp;<\/p>\n<p>Sobre la convocatoria del Gobierno a la Mesa para la Producci\u00f3n y el Trabajo que ser\u00e1 el pr\u00f3ximo mi\u00e9rcoles con empresarios y sindicalistas, Triaca asegur\u00f3 que servir\u00e1 &#8220;para que mejore la producci\u00f3n y el empleo para recuperar la movilidad social que perdi\u00f3 la Argentina en las \u00faltimas d\u00e9cadas&#8221;.<\/p>\n<p>&nbsp;<\/p>\n<p>Triaca se mostr\u00f3 optimista al referirse a la recuperaci\u00f3n del empleo, al se\u00f1alar que en julio &#8220;hubo un incremento de casi 5.000 puestos de trabajo y en agosto de 22.000&#8221;.<\/p>\n<p>&nbsp;<\/p>\n<p>&#8220;Se empieza a revertir la situaci\u00f3n y a recuperar el sector de la construcci\u00f3n, y por otro lado, est\u00e1 un poco m\u00e1s lento el de la manufactura industrial vinculada a Brasil&#8221;, remarc\u00f3 el ministro de Trabajo.<\/p>\n<p>&nbsp;<\/p>\n<p>Ayer, el ministro anunci\u00f3 que el Gobierno otorgar\u00e1 una suma de 1.000 pesos a los jubilados que cobran el haber m\u00ednimo -que se extender\u00e1 a quienes cobran la Asignaci\u00f3n Universal por Hijo- y se eximir\u00e1 hasta 15.000 pesos el pago del impuesto a las Ganancias sobre el medio aguinaldo para los salarios hasta los 55.000 pesos brutos, tras el encuentro que mantuvo con los dirigentes de la CGT unificada.<\/p>\n<p>&nbsp;<\/p>\n<p>Al anunciar estas medidas, el gobierno desalent\u00f3 la posibilidad de un paro de la CGT, si bien las dos CTA, lideradas por Hugo Yasky y Pablo Micheli, mantienen una postura m\u00e1s dura y no descartan una medida de fuerza.<\/p>\n<p>&nbsp;<\/p>\n<p>En tanto, El vicejefe de Gabinete, Mario Quintana, dijo que el gobierno nacional no impondr\u00e1 &#8220;un piso&#8221; en la discusi\u00f3n de un bono extraordinario de fin de a\u00f1o para trabajadores p\u00fablicos y privados, confirm\u00f3 la convocatoria a una reuni\u00f3n el pr\u00f3ximo mi\u00e9rcoles y sostuvo que no deben ser los trabajadores &#8220;los que paguen el pato para que la Argentina vuelva a crecer&#8221;.<\/p>\n<p>&nbsp;<\/p>\n<p>&#8220;Ayer tuvimos una reuni\u00f3n de trabajo fruct\u00edfera, por momentos tensa, donde llegamos a un acuerdo en algunos temas. Queda pendiente la discusi\u00f3n de lo que ellos llaman bono de fin de a\u00f1o. Nosotros no impondremos un piso&#8221;, expres\u00f3 Quintana en declaraciones formuladas esta ma\u00f1ana a Radio Nacional.<\/p>\n<p>&nbsp;<\/p>\n<p>All\u00ed, enmarc\u00f3 la reuni\u00f3n realizada ayer en la sede de la obra social del personal de Sanidad, en el barrio porte\u00f1o de Parque Patricios, en la &#8220;continuidad del di\u00e1logo que se inici\u00f3 los primeros d\u00edas de gobierno&#8221; y remarc\u00f3 que, en lo que va del a\u00f1o, se fueron resolviendo &#8220;un mont\u00f3n de temas&#8221;.<\/p>\n<p>&nbsp;<\/p>\n<p>De esta forma se refiri\u00f3 al encuentro de ayer, realizado a poco de vencer el plazo de diez d\u00edas que hab\u00eda sido fijado en una reuni\u00f3n anterior entre el Gobierno y la CGT para dar respuesta a las demandas gremiales.<\/p>\n<p>&nbsp;<\/p>\n<p>En ese marco, Quintana confirm\u00f3 que &#8220;este di\u00e1logo continuar\u00e1 el pr\u00f3ximo mi\u00e9rcoles&#8221; y que &#8220;el objetivo es que los salarios evolucionen al mismo nivel que la inflaci\u00f3n&#8221;.<\/p>\n<p>&nbsp;<\/p>\n<p>&#8220;Queda pendiente la generaci\u00f3n de empleo pero no queremos que sean los trabajadores los que paguen el pato para que la Argentina vuelva a crecer por eso defendemos la capacidad adquisitiva del salario y creemos que ese di\u00e1logo se tiene que dar sectorialmente&#8221;, apunt\u00f3.<\/p>\n","protected":false},"excerpt":{"rendered":"<p>El ministro de Trabajo, Jorge Triaca, se refiri\u00f3 al bono de fin de a\u00f1o acordado el mi\u00e9rcoles entre el Gobierno y la CGT y en ese marco, dijo que &#8220;es el esfuerzo que podemos hacer&#8221;. Asimismo, afirm\u00f3 que &#8220;el foco de atenci\u00f3n del Gobierno tiene que estar en los que tienen m\u00e1s necesidades&#8221; &nbsp; &nbsp; &nbsp; &nbsp; &nbsp; Luego de las medidas anunciadas el \u00faltimo mi\u00e9rcoles en respuesta a los reclamos planteados por el triunvirato de la CGT para paliar la situaci\u00f3n econ\u00f3mica de los trabajadores, el titular de la&#8230;<\/p>\n","protected":false},"author":3,"featured_media":2626,"comment_status":"closed","ping_status":"closed","sticky":false,"template":"","format":"standard","meta":[],"categories":[2],"tags":[],"_links":{"self":[{"href":"https:\/\/www.actualidadadiario.com\/index.php\/wp-json\/wp\/v2\/posts\/2625"}],"collection":[{"href":"https:\/\/www.actualidadadiario.com\/index.php\/wp-json\/wp\/v2\/posts"}],"about":[{"href":"https:\/\/www.actualidadadiario.com\/index.php\/wp-json\/wp\/v2\/types\/post"}],"author":[{"embeddable":true,"href":"https:\/\/www.actualidadadiario.com\/index.php\/wp-json\/wp\/v2\/users\/3"}],"replies":[{"embeddable":true,"href":"https:\/\/www.actualidadadiario.com\/index.php\/wp-json\/wp\/v2\/comments?post=2625"}],"version-history":[{"count":1,"href":"https:\/\/www.actualidadadiario.com\/index.php\/wp-json\/wp\/v2\/posts\/2625\/revisions"}],"predecessor-version":[{"id":2627,"href":"https:\/\/www.actualidadadiario.com\/index.php\/wp-json\/wp\/v2\/posts\/2625\/revisions\/2627"}],"wp:featuredmedia":[{"embeddable":true,"href":"https:\/\/www.actualidadadiario.com\/index.php\/wp-json\/wp\/v2\/media\/2626"}],"wp:attachment":[{"href":"https:\/\/www.actualidadadiario.com\/index.php\/wp-json\/wp\/v2\/media?parent=2625"}],"wp:term":[{"taxonomy":"category","embeddable":true,"href":"https:\/\/www.actualidadadiario.com\/index.php\/wp-json\/wp\/v2\/categories?post=2625"},{"taxonomy":"post_tag","embeddable":true,"href":"https:\/\/www.actualidadadiario.com\/index.php\/wp-json\/wp\/v2\/tags?post=2625"}],"curies":[{"name":"wp","href":"https:\/\/api.w.org\/{rel}","templated":true}]}}