{"id":2616,"date":"2016-10-14T08:44:04","date_gmt":"2016-10-14T11:44:04","guid":{"rendered":"http:\/\/actualidadadiario.com\/site\/?p=2616"},"modified":"2016-10-14T08:44:04","modified_gmt":"2016-10-14T11:44:04","slug":"segun-el-indec-la-inflacion-de-septiembre-fue-del-11-preven-el-doble-en-octubre","status":"publish","type":"post","link":"https:\/\/www.actualidadadiario.com\/index.php\/2016\/10\/14\/segun-el-indec-la-inflacion-de-septiembre-fue-del-11-preven-el-doble-en-octubre\/","title":{"rendered":"Seg\u00fan el INDEC, la inflaci\u00f3n de septiembre fue del 1,1% (prev\u00e9n el doble en octubre)"},"content":{"rendered":"<p><em><strong>Los precios minoristas subieron un 1,1% en septiembre, infirm\u00f3 este jueves el Instituto Nacional de Estad\u00edstica y Censos (INDEC). No obstante, las consultoras privadas estiman que la medici\u00f3n se duplicar\u00eda en octubre, principalmente por los aumentos de las prepagas y por la nueva facturaci\u00f3n de las tarifas de gas<\/strong><\/em><\/p>\n<p>&nbsp;<\/p>\n<p>&nbsp;<\/p>\n<p>&nbsp;<\/p>\n<p>&nbsp;<\/p>\n<p>&nbsp;<\/p>\n<p>Seg\u00fan los datos oficiales, el rubro con mayor incremento fue el de Indumentaria, al avanzar un 4,9% a causa del cambio de estaci\u00f3n. En el otro extremo se ubic\u00f3 el sector de Viviendas y servicios con un retroceso de 5,3%, tras un fallo judicial que retrotrajo aumentos en tarifas de servicios p\u00fablicos.<\/p>\n<p>&nbsp;<\/p>\n<p>El organismo que conduce Jorge Todesca indic\u00f3 que si la Corte no habr\u00eda llevado atr\u00e1s la suba de tarifas, la tasa de inflaci\u00f3n de septiembre deber\u00eda haber sido 1,7%, o sea, 0,6 puntos porcentuales m\u00e1s.<\/p>\n<p>&nbsp;<\/p>\n<p>El rubro de Alimentos y bebidas -que m\u00e1s impacto tiene entre los sectores de menores recursos- subi\u00f3 un 2,3%, esparcimiento aument\u00f3 un 1,9%, atenci\u00f3n m\u00e9dica y gastos para la salud escal\u00f3 1,1%, mientras transporte y comunicaciones registr\u00f3 un incremento de 0,8%.<\/p>\n<p>&nbsp;<\/p>\n<p>Los precios vinculados a la educaci\u00f3n registraron en septiembre una variaci\u00f3n positiva del 0,3% mientras que los de equipamiento y mantenimiento del hogar crecieron un 0,4% y el rubro otros bienes y servicios registr\u00f3 un alza del 2,5%.<\/p>\n<p>&nbsp;<\/p>\n<p>Previa a la publicaci\u00f3n del \u00cdndice de Precios al Consumidor del INDEC, el gobierno porte\u00f1o hab\u00eda estimado que la inflaci\u00f3n del mes pasado en la Ciudad hab\u00eda sido de 1,3%, mientras los datos oficiales de C\u00f3rdoba arrojaron un alza del 1,76%. Las consultoras privadas estimaron en septiembre un aumento del costo de vida del 0,8%.<\/p>\n<p>&nbsp;<\/p>\n<p>En agosto la inflaci\u00f3n hab\u00eda sido 0,2% pero con el impacto de la suba de gas habr\u00eda sido 0,9%.<\/p>\n<p>&nbsp;<\/p>\n<p>Seg\u00fan los especialistas, cuando en octubre vuelvan a medirse los precios de las tarifas del gas, aportar\u00e1 un impacto del 1% y la inflaci\u00f3n minorista superar\u00eda el 2% en ese mes.<\/p>\n<p>&nbsp;<\/p>\n<p>La denominada &#8220;inflaci\u00f3n n\u00facleo&#8221;, que registra los aumentos de precios tuvo un aumento del 1,5%, mientras que el de los productos afectados por cambios estacionales crecieron un 4,1% y los regulados, como por ejemplo las tarifas, tuvieron un descenso del 1,4%.<\/p>\n<p>&nbsp;<\/p>\n<p>Entre los alimentos, los productos que m\u00e1s incrementaron sus precios en septiembre fueron: el zapallo anco (34,1%); la batata (15,4%); el lim\u00f3n (15,2%); los aceites mezcla (4,8%) y los de Girasol (5,4%).<\/p>\n<p>&nbsp;<\/p>\n<p>Tambi\u00e9n registraron subas por encima del nivel general los precios de los embutidos como el salchich\u00f3n (5,2%), el jam\u00f3n cocido (4,3%), la salchicha (3,9%), la leche entera en polvo (5,2%) y la manteca (4,2%).<\/p>\n<p>&nbsp;<\/p>\n<p>En septiembre, el pan de mesa registr\u00f3 una suba del 3,6%; las galletitas de agua, aumentaron un 4,1 y el arroz blanco simple 5,5% y las carnes sufrieron tambi\u00e9n aumento de pecios en el asado (2,6%), cuadril (1,5%) y las hamburguesas congeladas (4,6%).<\/p>\n","protected":false},"excerpt":{"rendered":"<p>Los precios minoristas subieron un 1,1% en septiembre, infirm\u00f3 este jueves el Instituto Nacional de Estad\u00edstica y Censos (INDEC). No obstante, las consultoras privadas estiman que la medici\u00f3n se duplicar\u00eda en octubre, principalmente por los aumentos de las prepagas y por la nueva facturaci\u00f3n de las tarifas de gas &nbsp; &nbsp; &nbsp; &nbsp; &nbsp; Seg\u00fan los datos oficiales, el rubro con mayor incremento fue el de Indumentaria, al avanzar un 4,9% a causa del cambio de estaci\u00f3n. En el otro extremo se ubic\u00f3 el sector de Viviendas y servicios con&#8230;<\/p>\n","protected":false},"author":3,"featured_media":2617,"comment_status":"closed","ping_status":"closed","sticky":false,"template":"","format":"standard","meta":[],"categories":[9],"tags":[],"_links":{"self":[{"href":"https:\/\/www.actualidadadiario.com\/index.php\/wp-json\/wp\/v2\/posts\/2616"}],"collection":[{"href":"https:\/\/www.actualidadadiario.com\/index.php\/wp-json\/wp\/v2\/posts"}],"about":[{"href":"https:\/\/www.actualidadadiario.com\/index.php\/wp-json\/wp\/v2\/types\/post"}],"author":[{"embeddable":true,"href":"https:\/\/www.actualidadadiario.com\/index.php\/wp-json\/wp\/v2\/users\/3"}],"replies":[{"embeddable":true,"href":"https:\/\/www.actualidadadiario.com\/index.php\/wp-json\/wp\/v2\/comments?post=2616"}],"version-history":[{"count":1,"href":"https:\/\/www.actualidadadiario.com\/index.php\/wp-json\/wp\/v2\/posts\/2616\/revisions"}],"predecessor-version":[{"id":2618,"href":"https:\/\/www.actualidadadiario.com\/index.php\/wp-json\/wp\/v2\/posts\/2616\/revisions\/2618"}],"wp:featuredmedia":[{"embeddable":true,"href":"https:\/\/www.actualidadadiario.com\/index.php\/wp-json\/wp\/v2\/media\/2617"}],"wp:attachment":[{"href":"https:\/\/www.actualidadadiario.com\/index.php\/wp-json\/wp\/v2\/media?parent=2616"}],"wp:term":[{"taxonomy":"category","embeddable":true,"href":"https:\/\/www.actualidadadiario.com\/index.php\/wp-json\/wp\/v2\/categories?post=2616"},{"taxonomy":"post_tag","embeddable":true,"href":"https:\/\/www.actualidadadiario.com\/index.php\/wp-json\/wp\/v2\/tags?post=2616"}],"curies":[{"name":"wp","href":"https:\/\/api.w.org\/{rel}","templated":true}]}}