{"id":2613,"date":"2016-10-14T08:43:16","date_gmt":"2016-10-14T11:43:16","guid":{"rendered":"http:\/\/actualidadadiario.com\/site\/?p=2613"},"modified":"2016-10-14T08:43:16","modified_gmt":"2016-10-14T11:43:16","slug":"tras-el-femicidio-en-mar-del-plata-convocan-a-un-paro-nacional-de-mujeres","status":"publish","type":"post","link":"https:\/\/www.actualidadadiario.com\/index.php\/2016\/10\/14\/tras-el-femicidio-en-mar-del-plata-convocan-a-un-paro-nacional-de-mujeres\/","title":{"rendered":"Tras el femicidio en Mar del Plata, convocan a un paro nacional de mujeres"},"content":{"rendered":"<p><em><strong>Desde el colectivo de mujeres Ni Una Menos plantearon la posibilidad de realizar una nueva y contundente protesta tras el reciente caso de Luc\u00eda P\u00e9rez en la ciudad balnearia<\/strong><\/em><\/p>\n<p>&nbsp;<\/p>\n<p>&nbsp;<\/p>\n<p>&nbsp;<\/p>\n<p>El colectivo de mujeres #NiUnaMenos convoc\u00f3 a un paro nacional de mujeres para el pr\u00f3ximo mi\u00e9rcoles 19 de octubre, luego de una nueva seguidilla de femicidios cometidos que se dieron a conocer esta semana.<\/p>\n<p>&nbsp;<\/p>\n<p>&#8220;Se escribi\u00f3 en Facebook y la idea empez\u00f3 a salir de la virtualidad para convertirse en llamados, charlas, reuniones. \u00a1Salgamos de Facebook! \u00a1Hoy nos juntamos! Desde #NiUnaMenos, junto a otras organizaciones, convocamos hoy a las 19, en la Confederaci\u00f3n de Trabajadores de la Econom\u00eda Popular (CTEP), Pedro Etchag\u00fce 1200, barrio de Constituci\u00f3n&#8221;, fue el comienzo de la convocatoria realizada por #NiUnaMenos al que titularon con una pregunta: &#8220;\u00bfParo de mujeres?&#8221;.<\/p>\n<p>&nbsp;<\/p>\n<p>&nbsp;<\/p>\n<p>Tras ello, desde la agrupaci\u00f3n explicaron las razones de la movida, comenzando por el crimen de Luc\u00eda P\u00e9rez en la ciudad balnearia: &#8220;No es casual que haya sido en Mar del Plata, nosotras conocemos de las complicidades entre la cana, los capangas narcos y la derecha pol\u00edtica que usa a los machitos neonazis como fuerza de choque&#8221;, denunciaron.<\/p>\n","protected":false},"excerpt":{"rendered":"<p>Desde el colectivo de mujeres Ni Una Menos plantearon la posibilidad de realizar una nueva y contundente protesta tras el reciente caso de Luc\u00eda P\u00e9rez en la ciudad balnearia &nbsp; &nbsp; &nbsp; El colectivo de mujeres #NiUnaMenos convoc\u00f3 a un paro nacional de mujeres para el pr\u00f3ximo mi\u00e9rcoles 19 de octubre, luego de una nueva seguidilla de femicidios cometidos que se dieron a conocer esta semana. &nbsp; &#8220;Se escribi\u00f3 en Facebook y la idea empez\u00f3 a salir de la virtualidad para convertirse en llamados, charlas, reuniones. \u00a1Salgamos de Facebook! \u00a1Hoy&#8230;<\/p>\n","protected":false},"author":3,"featured_media":2614,"comment_status":"closed","ping_status":"closed","sticky":false,"template":"","format":"standard","meta":[],"categories":[9],"tags":[],"_links":{"self":[{"href":"https:\/\/www.actualidadadiario.com\/index.php\/wp-json\/wp\/v2\/posts\/2613"}],"collection":[{"href":"https:\/\/www.actualidadadiario.com\/index.php\/wp-json\/wp\/v2\/posts"}],"about":[{"href":"https:\/\/www.actualidadadiario.com\/index.php\/wp-json\/wp\/v2\/types\/post"}],"author":[{"embeddable":true,"href":"https:\/\/www.actualidadadiario.com\/index.php\/wp-json\/wp\/v2\/users\/3"}],"replies":[{"embeddable":true,"href":"https:\/\/www.actualidadadiario.com\/index.php\/wp-json\/wp\/v2\/comments?post=2613"}],"version-history":[{"count":1,"href":"https:\/\/www.actualidadadiario.com\/index.php\/wp-json\/wp\/v2\/posts\/2613\/revisions"}],"predecessor-version":[{"id":2615,"href":"https:\/\/www.actualidadadiario.com\/index.php\/wp-json\/wp\/v2\/posts\/2613\/revisions\/2615"}],"wp:featuredmedia":[{"embeddable":true,"href":"https:\/\/www.actualidadadiario.com\/index.php\/wp-json\/wp\/v2\/media\/2614"}],"wp:attachment":[{"href":"https:\/\/www.actualidadadiario.com\/index.php\/wp-json\/wp\/v2\/media?parent=2613"}],"wp:term":[{"taxonomy":"category","embeddable":true,"href":"https:\/\/www.actualidadadiario.com\/index.php\/wp-json\/wp\/v2\/categories?post=2613"},{"taxonomy":"post_tag","embeddable":true,"href":"https:\/\/www.actualidadadiario.com\/index.php\/wp-json\/wp\/v2\/tags?post=2613"}],"curies":[{"name":"wp","href":"https:\/\/api.w.org\/{rel}","templated":true}]}}